{"id":4234,"date":"2022-11-04T08:33:50","date_gmt":"2022-11-04T08:33:50","guid":{"rendered":"http:\/\/ilan.tavsanli.bel.tr\/?p=4234"},"modified":"2022-11-04T08:33:50","modified_gmt":"2022-11-04T08:33:50","slug":"4234","status":"publish","type":"post","link":"http:\/\/ilan.tavsanli.bel.tr\/index.php\/2022\/11\/04\/4234\/","title":{"rendered":""},"content":{"rendered":"\n<p><strong>\u015eap\u00e7\u0131 k\u00f6y\u00fcnden Fatma Gen\u00e7\u2019in e\u015fi, \u00a0Ahmet Gen\u00e7\u2019in babas\u0131, \u00a0Ahmet Altun ve Sait Baytar\u2019\u0131n kay\u0131npederi, EM\u0130N GEN\u00c7 vefat etmi\u015ftir. Cenazesi cuma namaz\u0131n\u0131 m\u00fcteakip \u015eap\u00e7\u0131 k\u00f6y\u00fc mezarl\u0131\u011f\u0131na defnedilecektir. Merhuma Allah\u2019tan rahmet ailesine ve yak\u0131nlar\u0131na ba\u015fsa\u011fl\u0131\u011f\u0131 dileriz.<\/strong><\/p>\n","protected":false},"excerpt":{"rendered":"<p>\u015eap\u00e7\u0131 k\u00f6y\u00fcnden Fatma Gen\u00e7\u2019in e\u015fi, \u00a0Ahmet Gen\u00e7\u2019in babas\u0131, \u00a0Ahmet Altun ve Sait Baytar\u2019\u0131n kay\u0131npederi, EM\u0130N GEN\u00c7 vefat etmi\u015ftir. Cenazesi cuma namaz\u0131n\u0131 m\u00fcteakip \u015eap\u00e7\u0131 k\u00f6y\u00fc mezarl\u0131\u011f\u0131na defnedilecektir. Merhuma Allah\u2019tan rahmet ailesine ve yak\u0131nlar\u0131na ba\u015fsa\u011fl\u0131\u011f\u0131 dileriz.<\/p>\n","protected":false},"author":5,"featured_media":0,"comment_status":"closed","ping_status":"","sticky":false,"template":"","format":"standard","meta":[],"categories":[2],"tags":[],"_links":{"self":[{"href":"http:\/\/ilan.tavsanli.bel.tr\/index.php\/wp-json\/wp\/v2\/posts\/4234"}],"collection":[{"href":"http:\/\/ilan.tavsanli.bel.tr\/index.php\/wp-json\/wp\/v2\/posts"}],"about":[{"href":"http:\/\/ilan.tavsanli.bel.tr\/index.php\/wp-json\/wp\/v2\/types\/post"}],"author":[{"embeddable":true,"href":"http:\/\/ilan.tavsanli.bel.tr\/index.php\/wp-json\/wp\/v2\/users\/5"}],"replies":[{"embeddable":true,"href":"http:\/\/ilan.tavsanli.bel.tr\/index.php\/wp-json\/wp\/v2\/comments?post=4234"}],"version-history":[{"count":1,"href":"http:\/\/ilan.tavsanli.bel.tr\/index.php\/wp-json\/wp\/v2\/posts\/4234\/revisions"}],"predecessor-version":[{"id":4235,"href":"http:\/\/ilan.tavsanli.bel.tr\/index.php\/wp-json\/wp\/v2\/posts\/4234\/revisions\/4235"}],"wp:attachment":[{"href":"http:\/\/ilan.tavsanli.bel.tr\/index.php\/wp-json\/wp\/v2\/media?parent=4234"}],"wp:term":[{"taxonomy":"category","embeddable":true,"href":"http:\/\/ilan.tavsanli.bel.tr\/index.php\/wp-json\/wp\/v2\/categories?post=4234"},{"taxonomy":"post_tag","embeddable":true,"href":"http:\/\/ilan.tavsanli.bel.tr\/index.php\/wp-json\/wp\/v2\/tags?post=4234"}],"curies":[{"name":"wp","href":"https:\/\/api.w.org\/{rel}","templated":true}]}}