{"id":4232,"date":"2022-11-04T08:32:09","date_gmt":"2022-11-04T08:32:09","guid":{"rendered":"http:\/\/ilan.tavsanli.bel.tr\/?p=4232"},"modified":"2022-11-04T08:32:09","modified_gmt":"2022-11-04T08:32:09","slug":"4232","status":"publish","type":"post","link":"http:\/\/ilan.tavsanli.bel.tr\/index.php\/2022\/11\/04\/4232\/","title":{"rendered":""},"content":{"rendered":"\n<p><strong>Derbent k\u00f6y\u00fcnden merhum Osman Kocaman\u2019\u0131n e\u015fi , Ahmet, \u00d6mer Kocaman, Hasibe Bayram ve merhum Mehmet Kocaman\u2019\u0131n anneleri, S\u00fcleyman Uzun, Yunus Ertu\u011frul ve Dursun Y\u0131lmaz\u2019\u0131n kay\u0131nvalidesi, vefat etmi\u015ftir. Cenazesi moymul yukar\u0131 camisinde k\u0131l\u0131nacak cuma namaz\u0131n\u0131 m\u00fcteakip moymul mahallesi mezarl\u0131\u011f\u0131na defnedilecektir. Merhumeye Allah tan rahmet ailesine ve yak\u0131nlar\u0131na ba\u015fsa\u011fl\u0131\u011f\u0131 dileriz.<\/strong><\/p>\n","protected":false},"excerpt":{"rendered":"<p>Derbent k\u00f6y\u00fcnden merhum Osman Kocaman\u2019\u0131n e\u015fi , Ahmet, \u00d6mer Kocaman, Hasibe Bayram ve merhum Mehmet Kocaman\u2019\u0131n anneleri, S\u00fcleyman Uzun, Yunus Ertu\u011frul ve Dursun Y\u0131lmaz\u2019\u0131n kay\u0131nvalidesi, vefat etmi\u015ftir. Cenazesi moymul yukar\u0131 camisinde k\u0131l\u0131nacak cuma namaz\u0131n\u0131 m\u00fcteakip moymul mahallesi mezarl\u0131\u011f\u0131na defnedilecektir. Merhumeye Allah tan rahmet ailesine ve yak\u0131nlar\u0131na ba\u015fsa\u011fl\u0131\u011f\u0131 dileriz.<\/p>\n","protected":false},"author":5,"featured_media":0,"comment_status":"closed","ping_status":"","sticky":false,"template":"","format":"standard","meta":[],"categories":[2],"tags":[],"_links":{"self":[{"href":"http:\/\/ilan.tavsanli.bel.tr\/index.php\/wp-json\/wp\/v2\/posts\/4232"}],"collection":[{"href":"http:\/\/ilan.tavsanli.bel.tr\/index.php\/wp-json\/wp\/v2\/posts"}],"about":[{"href":"http:\/\/ilan.tavsanli.bel.tr\/index.php\/wp-json\/wp\/v2\/types\/post"}],"author":[{"embeddable":true,"href":"http:\/\/ilan.tavsanli.bel.tr\/index.php\/wp-json\/wp\/v2\/users\/5"}],"replies":[{"embeddable":true,"href":"http:\/\/ilan.tavsanli.bel.tr\/index.php\/wp-json\/wp\/v2\/comments?post=4232"}],"version-history":[{"count":1,"href":"http:\/\/ilan.tavsanli.bel.tr\/index.php\/wp-json\/wp\/v2\/posts\/4232\/revisions"}],"predecessor-version":[{"id":4233,"href":"http:\/\/ilan.tavsanli.bel.tr\/index.php\/wp-json\/wp\/v2\/posts\/4232\/revisions\/4233"}],"wp:attachment":[{"href":"http:\/\/ilan.tavsanli.bel.tr\/index.php\/wp-json\/wp\/v2\/media?parent=4232"}],"wp:term":[{"taxonomy":"category","embeddable":true,"href":"http:\/\/ilan.tavsanli.bel.tr\/index.php\/wp-json\/wp\/v2\/categories?post=4232"},{"taxonomy":"post_tag","embeddable":true,"href":"http:\/\/ilan.tavsanli.bel.tr\/index.php\/wp-json\/wp\/v2\/tags?post=4232"}],"curies":[{"name":"wp","href":"https:\/\/api.w.org\/{rel}","templated":true}]}}