{"id":419,"date":"2020-11-27T11:01:41","date_gmt":"2020-11-27T11:01:41","guid":{"rendered":"http:\/\/ilan.tavsanli.bel.tr\/?p=419"},"modified":"2020-11-27T11:01:41","modified_gmt":"2020-11-27T11:01:41","slug":"419","status":"publish","type":"post","link":"http:\/\/ilan.tavsanli.bel.tr\/index.php\/2020\/11\/27\/419\/","title":{"rendered":""},"content":{"rendered":"\n<p>Sekman demirli k\u00f6y\u00fcnden merhum \u00d6mer G\u00f6\u00e7er\u2019in e\u015fi Mehmet ve Musa G\u00f6\u00e7er\u2019in anneleri Ahmet Kurt ve Hasan H\u00fcseyin Demiry\u0131lmaz\u2019\u0131n kay\u0131nvalidesi Ali ve Mehmet Atilla\u2019n\u0131n karde\u015fi \u015eER\u0130FE G\u00d6\u00c7ER vefat etmi\u015ftir. Cenazesi Saat:15.30 da Sekman demirli k\u00f6y\u00fc mezarl\u0131\u011f\u0131na defnedilecektir. Merhumeye Allah\u2019tan rahmet, ailesi ve yak\u0131nlar\u0131na ba\u015fsa\u011fl\u0131\u011f\u0131 dileriz.<\/p>\n","protected":false},"excerpt":{"rendered":"<p>Sekman demirli k\u00f6y\u00fcnden merhum \u00d6mer G\u00f6\u00e7er\u2019in e\u015fi Mehmet ve Musa G\u00f6\u00e7er\u2019in anneleri Ahmet Kurt ve Hasan H\u00fcseyin Demiry\u0131lmaz\u2019\u0131n kay\u0131nvalidesi Ali ve Mehmet Atilla\u2019n\u0131n karde\u015fi \u015eER\u0130FE G\u00d6\u00c7ER vefat etmi\u015ftir. Cenazesi Saat:15.30 da Sekman demirli k\u00f6y\u00fc mezarl\u0131\u011f\u0131na defnedilecektir. Merhumeye Allah\u2019tan rahmet, ailesi ve yak\u0131nlar\u0131na ba\u015fsa\u011fl\u0131\u011f\u0131 dileriz.<\/p>\n","protected":false},"author":4,"featured_media":0,"comment_status":"closed","ping_status":"","sticky":false,"template":"","format":"standard","meta":[],"categories":[2],"tags":[],"_links":{"self":[{"href":"http:\/\/ilan.tavsanli.bel.tr\/index.php\/wp-json\/wp\/v2\/posts\/419"}],"collection":[{"href":"http:\/\/ilan.tavsanli.bel.tr\/index.php\/wp-json\/wp\/v2\/posts"}],"about":[{"href":"http:\/\/ilan.tavsanli.bel.tr\/index.php\/wp-json\/wp\/v2\/types\/post"}],"author":[{"embeddable":true,"href":"http:\/\/ilan.tavsanli.bel.tr\/index.php\/wp-json\/wp\/v2\/users\/4"}],"replies":[{"embeddable":true,"href":"http:\/\/ilan.tavsanli.bel.tr\/index.php\/wp-json\/wp\/v2\/comments?post=419"}],"version-history":[{"count":1,"href":"http:\/\/ilan.tavsanli.bel.tr\/index.php\/wp-json\/wp\/v2\/posts\/419\/revisions"}],"predecessor-version":[{"id":420,"href":"http:\/\/ilan.tavsanli.bel.tr\/index.php\/wp-json\/wp\/v2\/posts\/419\/revisions\/420"}],"wp:attachment":[{"href":"http:\/\/ilan.tavsanli.bel.tr\/index.php\/wp-json\/wp\/v2\/media?parent=419"}],"wp:term":[{"taxonomy":"category","embeddable":true,"href":"http:\/\/ilan.tavsanli.bel.tr\/index.php\/wp-json\/wp\/v2\/categories?post=419"},{"taxonomy":"post_tag","embeddable":true,"href":"http:\/\/ilan.tavsanli.bel.tr\/index.php\/wp-json\/wp\/v2\/tags?post=419"}],"curies":[{"name":"wp","href":"https:\/\/api.w.org\/{rel}","templated":true}]}}