{"id":417,"date":"2020-11-27T11:01:23","date_gmt":"2020-11-27T11:01:23","guid":{"rendered":"http:\/\/ilan.tavsanli.bel.tr\/?p=417"},"modified":"2020-11-27T11:01:23","modified_gmt":"2020-11-27T11:01:23","slug":"417","status":"publish","type":"post","link":"http:\/\/ilan.tavsanli.bel.tr\/index.php\/2020\/11\/27\/417\/","title":{"rendered":""},"content":{"rendered":"\n<p>Burhan k\u00f6y\u00fcnden Salih \u00c7etinin karde\u015fi Tun\u00e7bilekten emekli H\u00fcseyin Tetik ve Recep Elma\u2019n\u0131n kay\u0131nbiraderi Mehmet, Yasin, Ali ve Kemal \u00c7etinin babalar\u0131 AHMET \u00c7ET\u0130N vefat etmi\u015ftir. Cenazesi Saat:15.00 de Burhan k\u00f6y\u00fc mezarl\u0131\u011f\u0131na defnedilecektir. Merhuma Allah\u2019tan rahmet, ailesi ve yak\u0131nlar\u0131na ba\u015fsa\u011fl\u0131\u011f\u0131 dileriz.<\/p>\n","protected":false},"excerpt":{"rendered":"<p>Burhan k\u00f6y\u00fcnden Salih \u00c7etinin karde\u015fi Tun\u00e7bilekten emekli H\u00fcseyin Tetik ve Recep Elma\u2019n\u0131n kay\u0131nbiraderi Mehmet, Yasin, Ali ve Kemal \u00c7etinin babalar\u0131 AHMET \u00c7ET\u0130N vefat etmi\u015ftir. Cenazesi Saat:15.00 de Burhan k\u00f6y\u00fc mezarl\u0131\u011f\u0131na defnedilecektir. Merhuma Allah\u2019tan rahmet, ailesi ve yak\u0131nlar\u0131na ba\u015fsa\u011fl\u0131\u011f\u0131 dileriz.<\/p>\n","protected":false},"author":4,"featured_media":0,"comment_status":"closed","ping_status":"","sticky":false,"template":"","format":"standard","meta":[],"categories":[2],"tags":[],"_links":{"self":[{"href":"http:\/\/ilan.tavsanli.bel.tr\/index.php\/wp-json\/wp\/v2\/posts\/417"}],"collection":[{"href":"http:\/\/ilan.tavsanli.bel.tr\/index.php\/wp-json\/wp\/v2\/posts"}],"about":[{"href":"http:\/\/ilan.tavsanli.bel.tr\/index.php\/wp-json\/wp\/v2\/types\/post"}],"author":[{"embeddable":true,"href":"http:\/\/ilan.tavsanli.bel.tr\/index.php\/wp-json\/wp\/v2\/users\/4"}],"replies":[{"embeddable":true,"href":"http:\/\/ilan.tavsanli.bel.tr\/index.php\/wp-json\/wp\/v2\/comments?post=417"}],"version-history":[{"count":1,"href":"http:\/\/ilan.tavsanli.bel.tr\/index.php\/wp-json\/wp\/v2\/posts\/417\/revisions"}],"predecessor-version":[{"id":418,"href":"http:\/\/ilan.tavsanli.bel.tr\/index.php\/wp-json\/wp\/v2\/posts\/417\/revisions\/418"}],"wp:attachment":[{"href":"http:\/\/ilan.tavsanli.bel.tr\/index.php\/wp-json\/wp\/v2\/media?parent=417"}],"wp:term":[{"taxonomy":"category","embeddable":true,"href":"http:\/\/ilan.tavsanli.bel.tr\/index.php\/wp-json\/wp\/v2\/categories?post=417"},{"taxonomy":"post_tag","embeddable":true,"href":"http:\/\/ilan.tavsanli.bel.tr\/index.php\/wp-json\/wp\/v2\/tags?post=417"}],"curies":[{"name":"wp","href":"https:\/\/api.w.org\/{rel}","templated":true}]}}