{"id":415,"date":"2020-11-27T08:41:56","date_gmt":"2020-11-27T08:41:56","guid":{"rendered":"http:\/\/ilan.tavsanli.bel.tr\/?p=415"},"modified":"2020-11-27T08:41:56","modified_gmt":"2020-11-27T08:41:56","slug":"415","status":"publish","type":"post","link":"http:\/\/ilan.tavsanli.bel.tr\/index.php\/2020\/11\/27\/415\/","title":{"rendered":""},"content":{"rendered":"\n<p>Ayval\u0131 k\u00f6y\u00fcnden \u0130smail \u00d6zer\u2019in abisi Ahmet ve \u0130smail Atak\u2019\u0131n eni\u015ftesi Nursan \u00e7al\u0131\u015fanlar\u0131ndan Ahmet ve Veysel \u00d6zer\u2019in amcas\u0131 G.L. \u0130 emekli i\u015f\u00e7ilerinden KAD\u0130R \u00d6ZER vefat etmi\u015ftir. Cenazesi Cuma namaz\u0131na m\u00fcteakip Ayval\u0131 k\u00f6y\u00fc mezarl\u0131\u011f\u0131na defnedilecektir. Merhuma Allah\u2019tan rahmet, ailesi ve yak\u0131nlar\u0131na ba\u015fsa\u011fl\u0131\u011f\u0131 dileriz.<\/p>\n","protected":false},"excerpt":{"rendered":"<p>Ayval\u0131 k\u00f6y\u00fcnden \u0130smail \u00d6zer\u2019in abisi Ahmet ve \u0130smail Atak\u2019\u0131n eni\u015ftesi Nursan \u00e7al\u0131\u015fanlar\u0131ndan Ahmet ve Veysel \u00d6zer\u2019in amcas\u0131 G.L. \u0130 emekli i\u015f\u00e7ilerinden KAD\u0130R \u00d6ZER vefat etmi\u015ftir. Cenazesi Cuma namaz\u0131na m\u00fcteakip Ayval\u0131 k\u00f6y\u00fc mezarl\u0131\u011f\u0131na defnedilecektir. Merhuma Allah\u2019tan rahmet, ailesi ve yak\u0131nlar\u0131na ba\u015fsa\u011fl\u0131\u011f\u0131 dileriz.<\/p>\n","protected":false},"author":4,"featured_media":0,"comment_status":"closed","ping_status":"","sticky":false,"template":"","format":"standard","meta":[],"categories":[2],"tags":[],"_links":{"self":[{"href":"http:\/\/ilan.tavsanli.bel.tr\/index.php\/wp-json\/wp\/v2\/posts\/415"}],"collection":[{"href":"http:\/\/ilan.tavsanli.bel.tr\/index.php\/wp-json\/wp\/v2\/posts"}],"about":[{"href":"http:\/\/ilan.tavsanli.bel.tr\/index.php\/wp-json\/wp\/v2\/types\/post"}],"author":[{"embeddable":true,"href":"http:\/\/ilan.tavsanli.bel.tr\/index.php\/wp-json\/wp\/v2\/users\/4"}],"replies":[{"embeddable":true,"href":"http:\/\/ilan.tavsanli.bel.tr\/index.php\/wp-json\/wp\/v2\/comments?post=415"}],"version-history":[{"count":1,"href":"http:\/\/ilan.tavsanli.bel.tr\/index.php\/wp-json\/wp\/v2\/posts\/415\/revisions"}],"predecessor-version":[{"id":416,"href":"http:\/\/ilan.tavsanli.bel.tr\/index.php\/wp-json\/wp\/v2\/posts\/415\/revisions\/416"}],"wp:attachment":[{"href":"http:\/\/ilan.tavsanli.bel.tr\/index.php\/wp-json\/wp\/v2\/media?parent=415"}],"wp:term":[{"taxonomy":"category","embeddable":true,"href":"http:\/\/ilan.tavsanli.bel.tr\/index.php\/wp-json\/wp\/v2\/categories?post=415"},{"taxonomy":"post_tag","embeddable":true,"href":"http:\/\/ilan.tavsanli.bel.tr\/index.php\/wp-json\/wp\/v2\/tags?post=415"}],"curies":[{"name":"wp","href":"https:\/\/api.w.org\/{rel}","templated":true}]}}