{"id":4141,"date":"2022-10-17T08:51:26","date_gmt":"2022-10-17T08:51:26","guid":{"rendered":"http:\/\/ilan.tavsanli.bel.tr\/?p=4141"},"modified":"2022-10-17T08:51:26","modified_gmt":"2022-10-17T08:51:26","slug":"4141","status":"publish","type":"post","link":"http:\/\/ilan.tavsanli.bel.tr\/index.php\/2022\/10\/17\/4141\/","title":{"rendered":""},"content":{"rendered":"\n<p>Duda\u015f k\u00f6y\u00fcnden Durmu\u015f Ali Malko\u00e7\u2019un k\u0131z\u0131, Halil \u0130brahim Ayy\u0131ld\u0131z\u2019\u0131n e\u015fi, merhum Ali Pa\u015fa Malko\u00e7\u2019un karde\u015fi, H\u00fcseyin ve S\u00fcleyman Ayy\u0131ld\u0131z\u2019\u0131n anneleri, HAVVA AYYILDIZ vefat etmi\u015ftir. Cenazesi \u00e7\u0131r\u00e7\u0131r\u00e7e\u015fme camisinde k\u0131l\u0131nacak \u00f6\u011fle namaz\u0131n\u0131 m\u00fcteakip yeni yaylac\u0131k mezarl\u0131\u011f\u0131na defnedilecektir. Merhumeye Allah\u2019tan rahmet ailesi ve yak\u0131nlar\u0131na ba\u015fsa\u011fl\u0131\u011f\u0131 dileriz.<\/p>\n","protected":false},"excerpt":{"rendered":"<p>Duda\u015f k\u00f6y\u00fcnden Durmu\u015f Ali Malko\u00e7\u2019un k\u0131z\u0131, Halil \u0130brahim Ayy\u0131ld\u0131z\u2019\u0131n e\u015fi, merhum Ali Pa\u015fa Malko\u00e7\u2019un karde\u015fi, H\u00fcseyin ve S\u00fcleyman Ayy\u0131ld\u0131z\u2019\u0131n anneleri, HAVVA AYYILDIZ vefat etmi\u015ftir. Cenazesi \u00e7\u0131r\u00e7\u0131r\u00e7e\u015fme camisinde k\u0131l\u0131nacak \u00f6\u011fle namaz\u0131n\u0131 m\u00fcteakip yeni yaylac\u0131k mezarl\u0131\u011f\u0131na defnedilecektir. Merhumeye Allah\u2019tan rahmet ailesi ve yak\u0131nlar\u0131na ba\u015fsa\u011fl\u0131\u011f\u0131 dileriz.<\/p>\n","protected":false},"author":5,"featured_media":0,"comment_status":"closed","ping_status":"","sticky":false,"template":"","format":"standard","meta":[],"categories":[2],"tags":[],"_links":{"self":[{"href":"http:\/\/ilan.tavsanli.bel.tr\/index.php\/wp-json\/wp\/v2\/posts\/4141"}],"collection":[{"href":"http:\/\/ilan.tavsanli.bel.tr\/index.php\/wp-json\/wp\/v2\/posts"}],"about":[{"href":"http:\/\/ilan.tavsanli.bel.tr\/index.php\/wp-json\/wp\/v2\/types\/post"}],"author":[{"embeddable":true,"href":"http:\/\/ilan.tavsanli.bel.tr\/index.php\/wp-json\/wp\/v2\/users\/5"}],"replies":[{"embeddable":true,"href":"http:\/\/ilan.tavsanli.bel.tr\/index.php\/wp-json\/wp\/v2\/comments?post=4141"}],"version-history":[{"count":1,"href":"http:\/\/ilan.tavsanli.bel.tr\/index.php\/wp-json\/wp\/v2\/posts\/4141\/revisions"}],"predecessor-version":[{"id":4142,"href":"http:\/\/ilan.tavsanli.bel.tr\/index.php\/wp-json\/wp\/v2\/posts\/4141\/revisions\/4142"}],"wp:attachment":[{"href":"http:\/\/ilan.tavsanli.bel.tr\/index.php\/wp-json\/wp\/v2\/media?parent=4141"}],"wp:term":[{"taxonomy":"category","embeddable":true,"href":"http:\/\/ilan.tavsanli.bel.tr\/index.php\/wp-json\/wp\/v2\/categories?post=4141"},{"taxonomy":"post_tag","embeddable":true,"href":"http:\/\/ilan.tavsanli.bel.tr\/index.php\/wp-json\/wp\/v2\/tags?post=4141"}],"curies":[{"name":"wp","href":"https:\/\/api.w.org\/{rel}","templated":true}]}}