{"id":4022,"date":"2022-09-23T08:32:57","date_gmt":"2022-09-23T08:32:57","guid":{"rendered":"http:\/\/ilan.tavsanli.bel.tr\/?p=4022"},"modified":"2022-09-23T08:32:57","modified_gmt":"2022-09-23T08:32:57","slug":"4022","status":"publish","type":"post","link":"http:\/\/ilan.tavsanli.bel.tr\/index.php\/2022\/09\/23\/4022\/","title":{"rendered":""},"content":{"rendered":"\n<p>Y\u00f6rg\u00fc\u00e7 k\u00f6y\u00fcnden merhum Rasim Erg\u00fcl\u2019\u00fcn e\u015fi, Mehmet Emin Topuz\u2019un ablas\u0131, M\u00fczeyyen Erg\u00fcl, G\u00fclebe Fidan ve merhum Mehmet Erg\u00fcl\u2019\u00fcn anneleri, Ramazan Fidan ve merhum Ya\u015far Erg\u00fcl\u2019\u00fcn kay\u0131nvalidesi, N\u0130HAL ERG\u00dcL vefat etmi\u015ftir. Cenazesi cuma namaz\u0131n\u0131 m\u00fcteakip Y\u00f6rg\u00fc\u00e7 k\u00f6y\u00fc Mezarl\u0131\u011f\u0131na defnedilecektir. Merhumeye Allah\u2019tan rahmet ailesi ve yak\u0131nlar\u0131na ba\u015fsa\u011fl\u0131\u011f\u0131 dileriz.<\/p>\n","protected":false},"excerpt":{"rendered":"<p>Y\u00f6rg\u00fc\u00e7 k\u00f6y\u00fcnden merhum Rasim Erg\u00fcl\u2019\u00fcn e\u015fi, Mehmet Emin Topuz\u2019un ablas\u0131, M\u00fczeyyen Erg\u00fcl, G\u00fclebe Fidan ve merhum Mehmet Erg\u00fcl\u2019\u00fcn anneleri, Ramazan Fidan ve merhum Ya\u015far Erg\u00fcl\u2019\u00fcn kay\u0131nvalidesi, N\u0130HAL ERG\u00dcL vefat etmi\u015ftir. Cenazesi cuma namaz\u0131n\u0131 m\u00fcteakip Y\u00f6rg\u00fc\u00e7 k\u00f6y\u00fc Mezarl\u0131\u011f\u0131na defnedilecektir. Merhumeye Allah\u2019tan rahmet ailesi ve yak\u0131nlar\u0131na ba\u015fsa\u011fl\u0131\u011f\u0131 dileriz.<\/p>\n","protected":false},"author":5,"featured_media":0,"comment_status":"closed","ping_status":"","sticky":false,"template":"","format":"standard","meta":[],"categories":[2],"tags":[],"_links":{"self":[{"href":"http:\/\/ilan.tavsanli.bel.tr\/index.php\/wp-json\/wp\/v2\/posts\/4022"}],"collection":[{"href":"http:\/\/ilan.tavsanli.bel.tr\/index.php\/wp-json\/wp\/v2\/posts"}],"about":[{"href":"http:\/\/ilan.tavsanli.bel.tr\/index.php\/wp-json\/wp\/v2\/types\/post"}],"author":[{"embeddable":true,"href":"http:\/\/ilan.tavsanli.bel.tr\/index.php\/wp-json\/wp\/v2\/users\/5"}],"replies":[{"embeddable":true,"href":"http:\/\/ilan.tavsanli.bel.tr\/index.php\/wp-json\/wp\/v2\/comments?post=4022"}],"version-history":[{"count":1,"href":"http:\/\/ilan.tavsanli.bel.tr\/index.php\/wp-json\/wp\/v2\/posts\/4022\/revisions"}],"predecessor-version":[{"id":4023,"href":"http:\/\/ilan.tavsanli.bel.tr\/index.php\/wp-json\/wp\/v2\/posts\/4022\/revisions\/4023"}],"wp:attachment":[{"href":"http:\/\/ilan.tavsanli.bel.tr\/index.php\/wp-json\/wp\/v2\/media?parent=4022"}],"wp:term":[{"taxonomy":"category","embeddable":true,"href":"http:\/\/ilan.tavsanli.bel.tr\/index.php\/wp-json\/wp\/v2\/categories?post=4022"},{"taxonomy":"post_tag","embeddable":true,"href":"http:\/\/ilan.tavsanli.bel.tr\/index.php\/wp-json\/wp\/v2\/tags?post=4022"}],"curies":[{"name":"wp","href":"https:\/\/api.w.org\/{rel}","templated":true}]}}