{"id":4020,"date":"2022-09-23T08:32:41","date_gmt":"2022-09-23T08:32:41","guid":{"rendered":"http:\/\/ilan.tavsanli.bel.tr\/?p=4020"},"modified":"2022-09-23T08:32:41","modified_gmt":"2022-09-23T08:32:41","slug":"4020","status":"publish","type":"post","link":"http:\/\/ilan.tavsanli.bel.tr\/index.php\/2022\/09\/23\/4020\/","title":{"rendered":""},"content":{"rendered":"\n<p>Bal\u0131k\u00f6y emekli \u00f6\u011fretmenlerinden YA\u015eAR G\u00dcLER vefat etmi\u015ftir. Cenazesi cuma namaz\u0131n\u0131 m\u00fcteakip Eski\u015fehir Ayd\u0131n camisinde k\u0131l\u0131nacak cuma namaz\u0131n\u0131 m\u00fcteakip Eski\u015fehir asri mezarl\u0131\u011f\u0131na defnedilecektir. Merhuma Allah\u2019tan rahmet ailesi ve yak\u0131nlar\u0131na ba\u015fsa\u011fl\u0131\u011f\u0131 dileriz.<\/p>\n","protected":false},"excerpt":{"rendered":"<p>Bal\u0131k\u00f6y emekli \u00f6\u011fretmenlerinden YA\u015eAR G\u00dcLER vefat etmi\u015ftir. Cenazesi cuma namaz\u0131n\u0131 m\u00fcteakip Eski\u015fehir Ayd\u0131n camisinde k\u0131l\u0131nacak cuma namaz\u0131n\u0131 m\u00fcteakip Eski\u015fehir asri mezarl\u0131\u011f\u0131na defnedilecektir. Merhuma Allah\u2019tan rahmet ailesi ve yak\u0131nlar\u0131na ba\u015fsa\u011fl\u0131\u011f\u0131 dileriz.<\/p>\n","protected":false},"author":5,"featured_media":0,"comment_status":"closed","ping_status":"","sticky":false,"template":"","format":"standard","meta":[],"categories":[2],"tags":[],"_links":{"self":[{"href":"http:\/\/ilan.tavsanli.bel.tr\/index.php\/wp-json\/wp\/v2\/posts\/4020"}],"collection":[{"href":"http:\/\/ilan.tavsanli.bel.tr\/index.php\/wp-json\/wp\/v2\/posts"}],"about":[{"href":"http:\/\/ilan.tavsanli.bel.tr\/index.php\/wp-json\/wp\/v2\/types\/post"}],"author":[{"embeddable":true,"href":"http:\/\/ilan.tavsanli.bel.tr\/index.php\/wp-json\/wp\/v2\/users\/5"}],"replies":[{"embeddable":true,"href":"http:\/\/ilan.tavsanli.bel.tr\/index.php\/wp-json\/wp\/v2\/comments?post=4020"}],"version-history":[{"count":1,"href":"http:\/\/ilan.tavsanli.bel.tr\/index.php\/wp-json\/wp\/v2\/posts\/4020\/revisions"}],"predecessor-version":[{"id":4021,"href":"http:\/\/ilan.tavsanli.bel.tr\/index.php\/wp-json\/wp\/v2\/posts\/4020\/revisions\/4021"}],"wp:attachment":[{"href":"http:\/\/ilan.tavsanli.bel.tr\/index.php\/wp-json\/wp\/v2\/media?parent=4020"}],"wp:term":[{"taxonomy":"category","embeddable":true,"href":"http:\/\/ilan.tavsanli.bel.tr\/index.php\/wp-json\/wp\/v2\/categories?post=4020"},{"taxonomy":"post_tag","embeddable":true,"href":"http:\/\/ilan.tavsanli.bel.tr\/index.php\/wp-json\/wp\/v2\/tags?post=4020"}],"curies":[{"name":"wp","href":"https:\/\/api.w.org\/{rel}","templated":true}]}}