{"id":400,"date":"2020-11-26T08:10:06","date_gmt":"2020-11-26T08:10:06","guid":{"rendered":"http:\/\/ilan.tavsanli.bel.tr\/?p=400"},"modified":"2020-11-26T08:10:06","modified_gmt":"2020-11-26T08:10:06","slug":"400","status":"publish","type":"post","link":"http:\/\/ilan.tavsanli.bel.tr\/index.php\/2020\/11\/26\/400\/","title":{"rendered":""},"content":{"rendered":"\n<p>26.11.2020 PER\u015eEMBE<\/p>\n\n\n\n<p>Beyk\u00f6y Mahallesinden cambaz kestane Halil \u0130brahim \u00d6z\u00e7ak\u0131r\u2019\u0131n e\u015fi \u015fehir i\u00e7i hat dolmu\u015f\u00e7ular\u0131ndan Kadir ve eski \u00c7evtem \u00e7al\u0131\u015fan\u0131 \u0130smail \u00d6z\u00e7ak\u0131r\u2019\u0131n anneleri Mehmet \u00d6zkara\u2019n\u0131n ablas\u0131 merhum Hasan Ba\u015fak\u2019\u0131n kay\u0131nvalidesi HAT\u0130CE \u00d6Z\u00c7AKIR vefat etmi\u015ftir. Cenazesi Saat:11.00 de Beyk\u00f6y mahallesi mezarl\u0131\u011f\u0131na defnedilecektir. Merhumeye Allah\u2019tan rahmet, ailesi ve yak\u0131nlar\u0131na ba\u015fsa\u011fl\u0131\u011f\u0131 dileriz.<\/p>\n","protected":false},"excerpt":{"rendered":"<p>26.11.2020 PER\u015eEMBE Beyk\u00f6y Mahallesinden cambaz kestane Halil \u0130brahim \u00d6z\u00e7ak\u0131r\u2019\u0131n e\u015fi \u015fehir i\u00e7i hat dolmu\u015f\u00e7ular\u0131ndan Kadir ve eski \u00c7evtem \u00e7al\u0131\u015fan\u0131 \u0130smail \u00d6z\u00e7ak\u0131r\u2019\u0131n anneleri Mehmet \u00d6zkara\u2019n\u0131n ablas\u0131 merhum Hasan Ba\u015fak\u2019\u0131n kay\u0131nvalidesi HAT\u0130CE \u00d6Z\u00c7AKIR vefat etmi\u015ftir. Cenazesi Saat:11.00 de Beyk\u00f6y mahallesi mezarl\u0131\u011f\u0131na defnedilecektir. Merhumeye Allah\u2019tan rahmet, ailesi ve yak\u0131nlar\u0131na ba\u015fsa\u011fl\u0131\u011f\u0131 dileriz.<\/p>\n","protected":false},"author":4,"featured_media":0,"comment_status":"closed","ping_status":"","sticky":false,"template":"","format":"standard","meta":[],"categories":[2],"tags":[],"_links":{"self":[{"href":"http:\/\/ilan.tavsanli.bel.tr\/index.php\/wp-json\/wp\/v2\/posts\/400"}],"collection":[{"href":"http:\/\/ilan.tavsanli.bel.tr\/index.php\/wp-json\/wp\/v2\/posts"}],"about":[{"href":"http:\/\/ilan.tavsanli.bel.tr\/index.php\/wp-json\/wp\/v2\/types\/post"}],"author":[{"embeddable":true,"href":"http:\/\/ilan.tavsanli.bel.tr\/index.php\/wp-json\/wp\/v2\/users\/4"}],"replies":[{"embeddable":true,"href":"http:\/\/ilan.tavsanli.bel.tr\/index.php\/wp-json\/wp\/v2\/comments?post=400"}],"version-history":[{"count":1,"href":"http:\/\/ilan.tavsanli.bel.tr\/index.php\/wp-json\/wp\/v2\/posts\/400\/revisions"}],"predecessor-version":[{"id":401,"href":"http:\/\/ilan.tavsanli.bel.tr\/index.php\/wp-json\/wp\/v2\/posts\/400\/revisions\/401"}],"wp:attachment":[{"href":"http:\/\/ilan.tavsanli.bel.tr\/index.php\/wp-json\/wp\/v2\/media?parent=400"}],"wp:term":[{"taxonomy":"category","embeddable":true,"href":"http:\/\/ilan.tavsanli.bel.tr\/index.php\/wp-json\/wp\/v2\/categories?post=400"},{"taxonomy":"post_tag","embeddable":true,"href":"http:\/\/ilan.tavsanli.bel.tr\/index.php\/wp-json\/wp\/v2\/tags?post=400"}],"curies":[{"name":"wp","href":"https:\/\/api.w.org\/{rel}","templated":true}]}}