{"id":3999,"date":"2022-09-18T11:02:31","date_gmt":"2022-09-18T11:02:31","guid":{"rendered":"http:\/\/ilan.tavsanli.bel.tr\/?p=3999"},"modified":"2022-09-18T11:02:31","modified_gmt":"2022-09-18T11:02:31","slug":"3999","status":"publish","type":"post","link":"http:\/\/ilan.tavsanli.bel.tr\/index.php\/2022\/09\/18\/3999\/","title":{"rendered":""},"content":{"rendered":"\n<p>Moymul mahallesinden merhum Mustafa \u00c7elebi&#8217;nin o\u011flu, merhum Mehmet Zengin&#8217;in damad\u0131, \u0130smail, Kenan, Ay\u015fe \u00c7elebi ve Adnan Uygun&#8217;un abisi, \u00d6zlem ve Melek \u00c7elebi&#8217;nin Babalar\u0131, Hakan Tu\u011frul&#8217;un Kay\u0131npederi, Termik emekli i\u015f\u00e7ilerinden HAL\u0130L \u0130BRAH\u0130M \u00c7ELEB\u0130 vefat etmi\u015ftir. Cenazesi moymul \u00e7ar\u015f\u0131 camisinde k\u0131l\u0131nacak ikindi namaz\u0131n\u0131 m\u00fcteakip moymul mahallesi mezarl\u0131\u011f\u0131na defnedilecektir. Merhuma Allah&#8217;tan rahmet ailesi ve yak\u0131nlar\u0131na ba\u015f sa\u011fl\u0131\u011f\u0131.<\/p>\n","protected":false},"excerpt":{"rendered":"<p>Moymul mahallesinden merhum Mustafa \u00c7elebi&#8217;nin o\u011flu, merhum Mehmet Zengin&#8217;in damad\u0131, \u0130smail, Kenan, Ay\u015fe \u00c7elebi ve Adnan Uygun&#8217;un abisi, \u00d6zlem ve Melek \u00c7elebi&#8217;nin Babalar\u0131, Hakan Tu\u011frul&#8217;un Kay\u0131npederi, Termik emekli i\u015f\u00e7ilerinden HAL\u0130L \u0130BRAH\u0130M \u00c7ELEB\u0130 vefat etmi\u015ftir. Cenazesi moymul \u00e7ar\u015f\u0131 camisinde k\u0131l\u0131nacak ikindi namaz\u0131n\u0131 m\u00fcteakip moymul mahallesi mezarl\u0131\u011f\u0131na defnedilecektir. Merhuma Allah&#8217;tan rahmet ailesi ve yak\u0131nlar\u0131na ba\u015f sa\u011fl\u0131\u011f\u0131.<\/p>\n","protected":false},"author":5,"featured_media":0,"comment_status":"closed","ping_status":"","sticky":false,"template":"","format":"standard","meta":[],"categories":[2],"tags":[],"_links":{"self":[{"href":"http:\/\/ilan.tavsanli.bel.tr\/index.php\/wp-json\/wp\/v2\/posts\/3999"}],"collection":[{"href":"http:\/\/ilan.tavsanli.bel.tr\/index.php\/wp-json\/wp\/v2\/posts"}],"about":[{"href":"http:\/\/ilan.tavsanli.bel.tr\/index.php\/wp-json\/wp\/v2\/types\/post"}],"author":[{"embeddable":true,"href":"http:\/\/ilan.tavsanli.bel.tr\/index.php\/wp-json\/wp\/v2\/users\/5"}],"replies":[{"embeddable":true,"href":"http:\/\/ilan.tavsanli.bel.tr\/index.php\/wp-json\/wp\/v2\/comments?post=3999"}],"version-history":[{"count":1,"href":"http:\/\/ilan.tavsanli.bel.tr\/index.php\/wp-json\/wp\/v2\/posts\/3999\/revisions"}],"predecessor-version":[{"id":4000,"href":"http:\/\/ilan.tavsanli.bel.tr\/index.php\/wp-json\/wp\/v2\/posts\/3999\/revisions\/4000"}],"wp:attachment":[{"href":"http:\/\/ilan.tavsanli.bel.tr\/index.php\/wp-json\/wp\/v2\/media?parent=3999"}],"wp:term":[{"taxonomy":"category","embeddable":true,"href":"http:\/\/ilan.tavsanli.bel.tr\/index.php\/wp-json\/wp\/v2\/categories?post=3999"},{"taxonomy":"post_tag","embeddable":true,"href":"http:\/\/ilan.tavsanli.bel.tr\/index.php\/wp-json\/wp\/v2\/tags?post=3999"}],"curies":[{"name":"wp","href":"https:\/\/api.w.org\/{rel}","templated":true}]}}