{"id":3997,"date":"2022-09-18T08:13:49","date_gmt":"2022-09-18T08:13:49","guid":{"rendered":"http:\/\/ilan.tavsanli.bel.tr\/?p=3997"},"modified":"2022-09-18T08:13:49","modified_gmt":"2022-09-18T08:13:49","slug":"3997","status":"publish","type":"post","link":"http:\/\/ilan.tavsanli.bel.tr\/index.php\/2022\/09\/18\/3997\/","title":{"rendered":""},"content":{"rendered":"\n<p>Beyk\u00f6y mahallesinden merhum H\u00fcseyin \u00d6zkara&#8217;n\u0131n o\u011flu, merhum Tahir \u00d6zkara&#8217;n\u0131n karde\u015fi, H\u00fcseyin \u00d6zkara&#8217;n\u0131n babas\u0131, Abdullah Emeksiz&#8217;in kay\u0131npederi, Halil Avc\u0131 ve Metin \u00d6z\u00e7ak\u0131r&#8217;\u0131n kay\u0131nbiraderi, G.L.\u0130 emekli i\u015f\u00e7ilerinden \u0130BRAH\u0130M \u00d6ZKARA vefat etmi\u015ftir. Cenazesi Beyk\u00f6y camisinde k\u0131l\u0131nacak \u00f6\u011fle namaz\u0131n\u0131 m\u00fcteakip Beyk\u00f6y mahallesi mezarl\u0131\u011f\u0131na defnedilecektir. Merhuma Allah&#8217;tan rahmet ailesi ve yak\u0131nlar\u0131na ba\u015f sa\u011fl\u0131\u011f\u0131 dileriz.<\/p>\n","protected":false},"excerpt":{"rendered":"<p>Beyk\u00f6y mahallesinden merhum H\u00fcseyin \u00d6zkara&#8217;n\u0131n o\u011flu, merhum Tahir \u00d6zkara&#8217;n\u0131n karde\u015fi, H\u00fcseyin \u00d6zkara&#8217;n\u0131n babas\u0131, Abdullah Emeksiz&#8217;in kay\u0131npederi, Halil Avc\u0131 ve Metin \u00d6z\u00e7ak\u0131r&#8217;\u0131n kay\u0131nbiraderi, G.L.\u0130 emekli i\u015f\u00e7ilerinden \u0130BRAH\u0130M \u00d6ZKARA vefat etmi\u015ftir. Cenazesi Beyk\u00f6y camisinde k\u0131l\u0131nacak \u00f6\u011fle namaz\u0131n\u0131 m\u00fcteakip Beyk\u00f6y mahallesi mezarl\u0131\u011f\u0131na defnedilecektir. Merhuma Allah&#8217;tan rahmet ailesi ve yak\u0131nlar\u0131na ba\u015f sa\u011fl\u0131\u011f\u0131 dileriz.<\/p>\n","protected":false},"author":5,"featured_media":0,"comment_status":"closed","ping_status":"","sticky":false,"template":"","format":"standard","meta":[],"categories":[2],"tags":[],"_links":{"self":[{"href":"http:\/\/ilan.tavsanli.bel.tr\/index.php\/wp-json\/wp\/v2\/posts\/3997"}],"collection":[{"href":"http:\/\/ilan.tavsanli.bel.tr\/index.php\/wp-json\/wp\/v2\/posts"}],"about":[{"href":"http:\/\/ilan.tavsanli.bel.tr\/index.php\/wp-json\/wp\/v2\/types\/post"}],"author":[{"embeddable":true,"href":"http:\/\/ilan.tavsanli.bel.tr\/index.php\/wp-json\/wp\/v2\/users\/5"}],"replies":[{"embeddable":true,"href":"http:\/\/ilan.tavsanli.bel.tr\/index.php\/wp-json\/wp\/v2\/comments?post=3997"}],"version-history":[{"count":1,"href":"http:\/\/ilan.tavsanli.bel.tr\/index.php\/wp-json\/wp\/v2\/posts\/3997\/revisions"}],"predecessor-version":[{"id":3998,"href":"http:\/\/ilan.tavsanli.bel.tr\/index.php\/wp-json\/wp\/v2\/posts\/3997\/revisions\/3998"}],"wp:attachment":[{"href":"http:\/\/ilan.tavsanli.bel.tr\/index.php\/wp-json\/wp\/v2\/media?parent=3997"}],"wp:term":[{"taxonomy":"category","embeddable":true,"href":"http:\/\/ilan.tavsanli.bel.tr\/index.php\/wp-json\/wp\/v2\/categories?post=3997"},{"taxonomy":"post_tag","embeddable":true,"href":"http:\/\/ilan.tavsanli.bel.tr\/index.php\/wp-json\/wp\/v2\/tags?post=3997"}],"curies":[{"name":"wp","href":"https:\/\/api.w.org\/{rel}","templated":true}]}}