{"id":3994,"date":"2022-09-17T11:12:43","date_gmt":"2022-09-17T11:12:43","guid":{"rendered":"http:\/\/ilan.tavsanli.bel.tr\/?p=3994"},"modified":"2022-09-17T11:12:43","modified_gmt":"2022-09-17T11:12:43","slug":"3994","status":"publish","type":"post","link":"http:\/\/ilan.tavsanli.bel.tr\/index.php\/2022\/09\/17\/3994\/","title":{"rendered":""},"content":{"rendered":"\n<p>Hamamc\u0131lar\u0131n merhum \u0130brahim Karda\u015f&#8217;\u0131n o\u011flu, merhum Ahmet Karda\u015f&#8217;\u0131n abisi, Bekir G\u00f6ksal ve Murat Ba\u015faran&#8217;\u0131n kay\u0131npederi, Yap\u0131 Kredi Bankas\u0131ndan emekli EKREM KARDA\u015e vefat etmi\u015ftir. Cenazesi saat 17:00&#8217;da Tav\u015fanl\u0131 mezarl\u0131\u011f\u0131na defnedilecektir. Merhuma Allah&#8217;tan rahmet ailesi ve yak\u0131nlar\u0131na ba\u015f sa\u011fl\u0131\u011f\u0131 dileriz.<\/p>\n","protected":false},"excerpt":{"rendered":"<p>Hamamc\u0131lar\u0131n merhum \u0130brahim Karda\u015f&#8217;\u0131n o\u011flu, merhum Ahmet Karda\u015f&#8217;\u0131n abisi, Bekir G\u00f6ksal ve Murat Ba\u015faran&#8217;\u0131n kay\u0131npederi, Yap\u0131 Kredi Bankas\u0131ndan emekli EKREM KARDA\u015e vefat etmi\u015ftir. Cenazesi saat 17:00&#8217;da Tav\u015fanl\u0131 mezarl\u0131\u011f\u0131na defnedilecektir. Merhuma Allah&#8217;tan rahmet ailesi ve yak\u0131nlar\u0131na ba\u015f sa\u011fl\u0131\u011f\u0131 dileriz.<\/p>\n","protected":false},"author":5,"featured_media":0,"comment_status":"closed","ping_status":"","sticky":false,"template":"","format":"standard","meta":[],"categories":[2],"tags":[],"_links":{"self":[{"href":"http:\/\/ilan.tavsanli.bel.tr\/index.php\/wp-json\/wp\/v2\/posts\/3994"}],"collection":[{"href":"http:\/\/ilan.tavsanli.bel.tr\/index.php\/wp-json\/wp\/v2\/posts"}],"about":[{"href":"http:\/\/ilan.tavsanli.bel.tr\/index.php\/wp-json\/wp\/v2\/types\/post"}],"author":[{"embeddable":true,"href":"http:\/\/ilan.tavsanli.bel.tr\/index.php\/wp-json\/wp\/v2\/users\/5"}],"replies":[{"embeddable":true,"href":"http:\/\/ilan.tavsanli.bel.tr\/index.php\/wp-json\/wp\/v2\/comments?post=3994"}],"version-history":[{"count":1,"href":"http:\/\/ilan.tavsanli.bel.tr\/index.php\/wp-json\/wp\/v2\/posts\/3994\/revisions"}],"predecessor-version":[{"id":3995,"href":"http:\/\/ilan.tavsanli.bel.tr\/index.php\/wp-json\/wp\/v2\/posts\/3994\/revisions\/3995"}],"wp:attachment":[{"href":"http:\/\/ilan.tavsanli.bel.tr\/index.php\/wp-json\/wp\/v2\/media?parent=3994"}],"wp:term":[{"taxonomy":"category","embeddable":true,"href":"http:\/\/ilan.tavsanli.bel.tr\/index.php\/wp-json\/wp\/v2\/categories?post=3994"},{"taxonomy":"post_tag","embeddable":true,"href":"http:\/\/ilan.tavsanli.bel.tr\/index.php\/wp-json\/wp\/v2\/tags?post=3994"}],"curies":[{"name":"wp","href":"https:\/\/api.w.org\/{rel}","templated":true}]}}