{"id":398,"date":"2020-11-25T08:38:05","date_gmt":"2020-11-25T08:38:05","guid":{"rendered":"http:\/\/ilan.tavsanli.bel.tr\/?p=398"},"modified":"2020-11-25T08:38:05","modified_gmt":"2020-11-25T08:38:05","slug":"398","status":"publish","type":"post","link":"http:\/\/ilan.tavsanli.bel.tr\/index.php\/2020\/11\/25\/398\/","title":{"rendered":""},"content":{"rendered":"\n<p>Ba\u015fk\u00f6yden merhum Osman Ak\u00e7ay\u2019\u0131n e\u015fi Ethem Ak\u00e7ay\u2019\u0131n annesi Tav\u015fanl\u0131 esnaflar\u0131ndan \u015eerif Akarsu ve Almanya\u2019dan emekli Mustafa \u00d6zer\u2019in kay\u0131nvalideleri HAK\u0130ME AK\u00c7AY vefat etmi\u015ftir. Cenazesi Saat:14.30 da Ba\u015fk\u00f6y mezarl\u0131\u011f\u0131na defnedilecektir. Merhumeye Allah\u2019tan rahmet, ailesi ve yak\u0131nlar\u0131na ba\u015fsa\u011fl\u0131\u011f\u0131 dileriz.<\/p>\n","protected":false},"excerpt":{"rendered":"<p>Ba\u015fk\u00f6yden merhum Osman Ak\u00e7ay\u2019\u0131n e\u015fi Ethem Ak\u00e7ay\u2019\u0131n annesi Tav\u015fanl\u0131 esnaflar\u0131ndan \u015eerif Akarsu ve Almanya\u2019dan emekli Mustafa \u00d6zer\u2019in kay\u0131nvalideleri HAK\u0130ME AK\u00c7AY vefat etmi\u015ftir. Cenazesi Saat:14.30 da Ba\u015fk\u00f6y mezarl\u0131\u011f\u0131na defnedilecektir. Merhumeye Allah\u2019tan rahmet, ailesi ve yak\u0131nlar\u0131na ba\u015fsa\u011fl\u0131\u011f\u0131 dileriz.<\/p>\n","protected":false},"author":4,"featured_media":0,"comment_status":"closed","ping_status":"","sticky":false,"template":"","format":"standard","meta":[],"categories":[2],"tags":[],"_links":{"self":[{"href":"http:\/\/ilan.tavsanli.bel.tr\/index.php\/wp-json\/wp\/v2\/posts\/398"}],"collection":[{"href":"http:\/\/ilan.tavsanli.bel.tr\/index.php\/wp-json\/wp\/v2\/posts"}],"about":[{"href":"http:\/\/ilan.tavsanli.bel.tr\/index.php\/wp-json\/wp\/v2\/types\/post"}],"author":[{"embeddable":true,"href":"http:\/\/ilan.tavsanli.bel.tr\/index.php\/wp-json\/wp\/v2\/users\/4"}],"replies":[{"embeddable":true,"href":"http:\/\/ilan.tavsanli.bel.tr\/index.php\/wp-json\/wp\/v2\/comments?post=398"}],"version-history":[{"count":1,"href":"http:\/\/ilan.tavsanli.bel.tr\/index.php\/wp-json\/wp\/v2\/posts\/398\/revisions"}],"predecessor-version":[{"id":399,"href":"http:\/\/ilan.tavsanli.bel.tr\/index.php\/wp-json\/wp\/v2\/posts\/398\/revisions\/399"}],"wp:attachment":[{"href":"http:\/\/ilan.tavsanli.bel.tr\/index.php\/wp-json\/wp\/v2\/media?parent=398"}],"wp:term":[{"taxonomy":"category","embeddable":true,"href":"http:\/\/ilan.tavsanli.bel.tr\/index.php\/wp-json\/wp\/v2\/categories?post=398"},{"taxonomy":"post_tag","embeddable":true,"href":"http:\/\/ilan.tavsanli.bel.tr\/index.php\/wp-json\/wp\/v2\/tags?post=398"}],"curies":[{"name":"wp","href":"https:\/\/api.w.org\/{rel}","templated":true}]}}