{"id":3977,"date":"2022-09-16T08:08:56","date_gmt":"2022-09-16T08:08:56","guid":{"rendered":"http:\/\/ilan.tavsanli.bel.tr\/?p=3977"},"modified":"2022-09-16T08:08:56","modified_gmt":"2022-09-16T08:08:56","slug":"3977","status":"publish","type":"post","link":"http:\/\/ilan.tavsanli.bel.tr\/index.php\/2022\/09\/16\/3977\/","title":{"rendered":""},"content":{"rendered":"\n<p>Merhum Ali Atmaca\u2019n\u0131n o\u011flu, Ahmet, Ey\u00fcp Atmaca ve kahveci Kamil\u2019in ye\u011feni, U\u011fur \u00dcnal\u2019\u0131n kay\u0131nbiladeri, ABDURRAHMAN ATMACA vefat etmi\u015ftir. Cenazesi Cuma namaz\u0131n\u0131 m\u00fcteakip dereli k\u00f6y\u00fc mezarl\u0131\u011f\u0131na defnedilecektir. Merhuma Allah\u2019tan rahmet ailesi ve yak\u0131nlar\u0131na ba\u015fsa\u011fl\u0131\u011f\u0131 dileriz.<\/p>\n","protected":false},"excerpt":{"rendered":"<p>Merhum Ali Atmaca\u2019n\u0131n o\u011flu, Ahmet, Ey\u00fcp Atmaca ve kahveci Kamil\u2019in ye\u011feni, U\u011fur \u00dcnal\u2019\u0131n kay\u0131nbiladeri, ABDURRAHMAN ATMACA vefat etmi\u015ftir. Cenazesi Cuma namaz\u0131n\u0131 m\u00fcteakip dereli k\u00f6y\u00fc mezarl\u0131\u011f\u0131na defnedilecektir. Merhuma Allah\u2019tan rahmet ailesi ve yak\u0131nlar\u0131na ba\u015fsa\u011fl\u0131\u011f\u0131 dileriz.<\/p>\n","protected":false},"author":5,"featured_media":0,"comment_status":"closed","ping_status":"","sticky":false,"template":"","format":"standard","meta":[],"categories":[2],"tags":[],"_links":{"self":[{"href":"http:\/\/ilan.tavsanli.bel.tr\/index.php\/wp-json\/wp\/v2\/posts\/3977"}],"collection":[{"href":"http:\/\/ilan.tavsanli.bel.tr\/index.php\/wp-json\/wp\/v2\/posts"}],"about":[{"href":"http:\/\/ilan.tavsanli.bel.tr\/index.php\/wp-json\/wp\/v2\/types\/post"}],"author":[{"embeddable":true,"href":"http:\/\/ilan.tavsanli.bel.tr\/index.php\/wp-json\/wp\/v2\/users\/5"}],"replies":[{"embeddable":true,"href":"http:\/\/ilan.tavsanli.bel.tr\/index.php\/wp-json\/wp\/v2\/comments?post=3977"}],"version-history":[{"count":1,"href":"http:\/\/ilan.tavsanli.bel.tr\/index.php\/wp-json\/wp\/v2\/posts\/3977\/revisions"}],"predecessor-version":[{"id":3978,"href":"http:\/\/ilan.tavsanli.bel.tr\/index.php\/wp-json\/wp\/v2\/posts\/3977\/revisions\/3978"}],"wp:attachment":[{"href":"http:\/\/ilan.tavsanli.bel.tr\/index.php\/wp-json\/wp\/v2\/media?parent=3977"}],"wp:term":[{"taxonomy":"category","embeddable":true,"href":"http:\/\/ilan.tavsanli.bel.tr\/index.php\/wp-json\/wp\/v2\/categories?post=3977"},{"taxonomy":"post_tag","embeddable":true,"href":"http:\/\/ilan.tavsanli.bel.tr\/index.php\/wp-json\/wp\/v2\/tags?post=3977"}],"curies":[{"name":"wp","href":"https:\/\/api.w.org\/{rel}","templated":true}]}}