{"id":3975,"date":"2022-09-15T14:17:06","date_gmt":"2022-09-15T14:17:06","guid":{"rendered":"http:\/\/ilan.tavsanli.bel.tr\/?p=3975"},"modified":"2022-09-15T14:17:06","modified_gmt":"2022-09-15T14:17:06","slug":"3975","status":"publish","type":"post","link":"http:\/\/ilan.tavsanli.bel.tr\/index.php\/2022\/09\/15\/3975\/","title":{"rendered":""},"content":{"rendered":"\n<p>Tepecek beldesinden merhum Ali \u00dcnl\u00fc\u2019n\u00fcn o\u011flu, Alihan \u00dcnl\u00fc\u2019n\u00fcn babas\u0131, Mehmet Dolma\u2019n\u0131n damad\u0131, Fatih \u0130lik\u2019in kay\u0131nbiraderi, Aykut T\u00fclek\u2019in kay\u0131npederi, Kald\u0131r\u0131m ustas\u0131 MEHMET \u00dcNL\u00dc vefat etmi\u015ftir. Cenazesi \u0130kindi namaz\u0131n\u0131 m\u00fcteakip Tepecik belde mezarl\u0131\u011f\u0131na defnedilecektir. Merhuma Allah\u2019tan rahmet ailesi ve yak\u0131nlar\u0131na ba\u015fsa\u011fl\u0131\u011f\u0131 dileriz.<\/p>\n","protected":false},"excerpt":{"rendered":"<p>Tepecek beldesinden merhum Ali \u00dcnl\u00fc\u2019n\u00fcn o\u011flu, Alihan \u00dcnl\u00fc\u2019n\u00fcn babas\u0131, Mehmet Dolma\u2019n\u0131n damad\u0131, Fatih \u0130lik\u2019in kay\u0131nbiraderi, Aykut T\u00fclek\u2019in kay\u0131npederi, Kald\u0131r\u0131m ustas\u0131 MEHMET \u00dcNL\u00dc vefat etmi\u015ftir. Cenazesi \u0130kindi namaz\u0131n\u0131 m\u00fcteakip Tepecik belde mezarl\u0131\u011f\u0131na defnedilecektir. Merhuma Allah\u2019tan rahmet ailesi ve yak\u0131nlar\u0131na ba\u015fsa\u011fl\u0131\u011f\u0131 dileriz.<\/p>\n","protected":false},"author":5,"featured_media":0,"comment_status":"closed","ping_status":"","sticky":false,"template":"","format":"standard","meta":[],"categories":[2],"tags":[],"_links":{"self":[{"href":"http:\/\/ilan.tavsanli.bel.tr\/index.php\/wp-json\/wp\/v2\/posts\/3975"}],"collection":[{"href":"http:\/\/ilan.tavsanli.bel.tr\/index.php\/wp-json\/wp\/v2\/posts"}],"about":[{"href":"http:\/\/ilan.tavsanli.bel.tr\/index.php\/wp-json\/wp\/v2\/types\/post"}],"author":[{"embeddable":true,"href":"http:\/\/ilan.tavsanli.bel.tr\/index.php\/wp-json\/wp\/v2\/users\/5"}],"replies":[{"embeddable":true,"href":"http:\/\/ilan.tavsanli.bel.tr\/index.php\/wp-json\/wp\/v2\/comments?post=3975"}],"version-history":[{"count":1,"href":"http:\/\/ilan.tavsanli.bel.tr\/index.php\/wp-json\/wp\/v2\/posts\/3975\/revisions"}],"predecessor-version":[{"id":3976,"href":"http:\/\/ilan.tavsanli.bel.tr\/index.php\/wp-json\/wp\/v2\/posts\/3975\/revisions\/3976"}],"wp:attachment":[{"href":"http:\/\/ilan.tavsanli.bel.tr\/index.php\/wp-json\/wp\/v2\/media?parent=3975"}],"wp:term":[{"taxonomy":"category","embeddable":true,"href":"http:\/\/ilan.tavsanli.bel.tr\/index.php\/wp-json\/wp\/v2\/categories?post=3975"},{"taxonomy":"post_tag","embeddable":true,"href":"http:\/\/ilan.tavsanli.bel.tr\/index.php\/wp-json\/wp\/v2\/tags?post=3975"}],"curies":[{"name":"wp","href":"https:\/\/api.w.org\/{rel}","templated":true}]}}