{"id":3959,"date":"2022-09-12T11:07:33","date_gmt":"2022-09-12T11:07:33","guid":{"rendered":"http:\/\/ilan.tavsanli.bel.tr\/?p=3959"},"modified":"2022-09-12T11:07:33","modified_gmt":"2022-09-12T11:07:33","slug":"3959","status":"publish","type":"post","link":"http:\/\/ilan.tavsanli.bel.tr\/index.php\/2022\/09\/12\/3959\/","title":{"rendered":""},"content":{"rendered":"\n<p><strong>Moymul mahallesinden Veli ve merhum Saniye Ekiz\u2019in o\u011flu, M\u00fczeyyen \u00d6zdemir, Sibel Sezgin ve Melek \u00c7i\u00e7ek\u2019in karde\u015fi, \u0130SMA\u0130L EK\u0130Z vefat etmi\u015ftir. Cenazesi Moymul Camisinde k\u0131l\u0131nacak ikindi namaz\u0131n\u0131 m\u00fcteakip Moymul Mahallesi mezarl\u0131\u011f\u0131na defnedilecektir. Merhuma Allah\u2019tan rahmet ailesi ve yak\u0131nlar\u0131na ba\u015fsa\u011fl\u0131\u011f\u0131 dileriz.<\/strong><\/p>\n","protected":false},"excerpt":{"rendered":"<p>Moymul mahallesinden Veli ve merhum Saniye Ekiz\u2019in o\u011flu, M\u00fczeyyen \u00d6zdemir, Sibel Sezgin ve Melek \u00c7i\u00e7ek\u2019in karde\u015fi, \u0130SMA\u0130L EK\u0130Z vefat etmi\u015ftir. Cenazesi Moymul Camisinde k\u0131l\u0131nacak ikindi namaz\u0131n\u0131 m\u00fcteakip Moymul Mahallesi mezarl\u0131\u011f\u0131na defnedilecektir. Merhuma Allah\u2019tan rahmet ailesi ve yak\u0131nlar\u0131na ba\u015fsa\u011fl\u0131\u011f\u0131 dileriz.<\/p>\n","protected":false},"author":5,"featured_media":0,"comment_status":"closed","ping_status":"","sticky":false,"template":"","format":"standard","meta":[],"categories":[2],"tags":[],"_links":{"self":[{"href":"http:\/\/ilan.tavsanli.bel.tr\/index.php\/wp-json\/wp\/v2\/posts\/3959"}],"collection":[{"href":"http:\/\/ilan.tavsanli.bel.tr\/index.php\/wp-json\/wp\/v2\/posts"}],"about":[{"href":"http:\/\/ilan.tavsanli.bel.tr\/index.php\/wp-json\/wp\/v2\/types\/post"}],"author":[{"embeddable":true,"href":"http:\/\/ilan.tavsanli.bel.tr\/index.php\/wp-json\/wp\/v2\/users\/5"}],"replies":[{"embeddable":true,"href":"http:\/\/ilan.tavsanli.bel.tr\/index.php\/wp-json\/wp\/v2\/comments?post=3959"}],"version-history":[{"count":1,"href":"http:\/\/ilan.tavsanli.bel.tr\/index.php\/wp-json\/wp\/v2\/posts\/3959\/revisions"}],"predecessor-version":[{"id":3960,"href":"http:\/\/ilan.tavsanli.bel.tr\/index.php\/wp-json\/wp\/v2\/posts\/3959\/revisions\/3960"}],"wp:attachment":[{"href":"http:\/\/ilan.tavsanli.bel.tr\/index.php\/wp-json\/wp\/v2\/media?parent=3959"}],"wp:term":[{"taxonomy":"category","embeddable":true,"href":"http:\/\/ilan.tavsanli.bel.tr\/index.php\/wp-json\/wp\/v2\/categories?post=3959"},{"taxonomy":"post_tag","embeddable":true,"href":"http:\/\/ilan.tavsanli.bel.tr\/index.php\/wp-json\/wp\/v2\/tags?post=3959"}],"curies":[{"name":"wp","href":"https:\/\/api.w.org\/{rel}","templated":true}]}}