{"id":3931,"date":"2022-09-05T11:15:13","date_gmt":"2022-09-05T11:15:13","guid":{"rendered":"http:\/\/ilan.tavsanli.bel.tr\/?p=3931"},"modified":"2022-09-05T11:15:13","modified_gmt":"2022-09-05T11:15:13","slug":"3931","status":"publish","type":"post","link":"http:\/\/ilan.tavsanli.bel.tr\/index.php\/2022\/09\/05\/3931\/","title":{"rendered":""},"content":{"rendered":"\n<p>Merhum Keklik Hakk\u0131\u2019n\u0131n k\u0131z\u0131, merhum \u015eevket Kaya\u2019n\u0131n e\u015fi, Mustafa, Soner ve Taner Kaya\u2019n\u0131n anneleri, N\u0130MET KAYA vefat etmi\u015ftir. Cenazesi Ulucamide k\u0131l\u0131nacak ikindi namaz\u0131n\u0131 m\u00fcteakip Tav\u015fanl\u0131 mezarl\u0131\u011f\u0131na defnedilecektir. Merhumeye Allah\u2019tan rahmet ailesi ve yak\u0131nlar\u0131na ba\u015fsa\u011fl\u0131\u011f\u0131 dileriz.<\/p>\n","protected":false},"excerpt":{"rendered":"<p>Merhum Keklik Hakk\u0131\u2019n\u0131n k\u0131z\u0131, merhum \u015eevket Kaya\u2019n\u0131n e\u015fi, Mustafa, Soner ve Taner Kaya\u2019n\u0131n anneleri, N\u0130MET KAYA vefat etmi\u015ftir. Cenazesi Ulucamide k\u0131l\u0131nacak ikindi namaz\u0131n\u0131 m\u00fcteakip Tav\u015fanl\u0131 mezarl\u0131\u011f\u0131na defnedilecektir. Merhumeye Allah\u2019tan rahmet ailesi ve yak\u0131nlar\u0131na ba\u015fsa\u011fl\u0131\u011f\u0131 dileriz.<\/p>\n","protected":false},"author":5,"featured_media":0,"comment_status":"closed","ping_status":"","sticky":false,"template":"","format":"standard","meta":[],"categories":[2],"tags":[],"_links":{"self":[{"href":"http:\/\/ilan.tavsanli.bel.tr\/index.php\/wp-json\/wp\/v2\/posts\/3931"}],"collection":[{"href":"http:\/\/ilan.tavsanli.bel.tr\/index.php\/wp-json\/wp\/v2\/posts"}],"about":[{"href":"http:\/\/ilan.tavsanli.bel.tr\/index.php\/wp-json\/wp\/v2\/types\/post"}],"author":[{"embeddable":true,"href":"http:\/\/ilan.tavsanli.bel.tr\/index.php\/wp-json\/wp\/v2\/users\/5"}],"replies":[{"embeddable":true,"href":"http:\/\/ilan.tavsanli.bel.tr\/index.php\/wp-json\/wp\/v2\/comments?post=3931"}],"version-history":[{"count":1,"href":"http:\/\/ilan.tavsanli.bel.tr\/index.php\/wp-json\/wp\/v2\/posts\/3931\/revisions"}],"predecessor-version":[{"id":3932,"href":"http:\/\/ilan.tavsanli.bel.tr\/index.php\/wp-json\/wp\/v2\/posts\/3931\/revisions\/3932"}],"wp:attachment":[{"href":"http:\/\/ilan.tavsanli.bel.tr\/index.php\/wp-json\/wp\/v2\/media?parent=3931"}],"wp:term":[{"taxonomy":"category","embeddable":true,"href":"http:\/\/ilan.tavsanli.bel.tr\/index.php\/wp-json\/wp\/v2\/categories?post=3931"},{"taxonomy":"post_tag","embeddable":true,"href":"http:\/\/ilan.tavsanli.bel.tr\/index.php\/wp-json\/wp\/v2\/tags?post=3931"}],"curies":[{"name":"wp","href":"https:\/\/api.w.org\/{rel}","templated":true}]}}