{"id":3929,"date":"2022-09-05T11:14:50","date_gmt":"2022-09-05T11:14:50","guid":{"rendered":"http:\/\/ilan.tavsanli.bel.tr\/?p=3929"},"modified":"2022-09-05T11:14:50","modified_gmt":"2022-09-05T11:14:50","slug":"3929","status":"publish","type":"post","link":"http:\/\/ilan.tavsanli.bel.tr\/index.php\/2022\/09\/05\/3929\/","title":{"rendered":""},"content":{"rendered":"\n<p>\u015eahin k\u00f6y\u00fcnden Yusuf \u00c7ak\u0131r\u2019\u0131n annesi, Mestan, Hakan, Metin ve Serkan Yavuz\u2019un ablas\u0131, H\u00dcSN\u0130YE \u00c7AKIR vefat etmi\u015ftir. Cenazesi K\u00fctahya ok Meydan\u0131 Ayd\u0131nl\u0131k Evler Camisinde k\u0131l\u0131nacak \u00f6\u011fle namaz\u0131n\u0131 m\u00fcteakip K\u00fctahya Evliya \u00c7elebi Mezarl\u0131\u011f\u0131na defnedilecektir. Merhumeye Allah\u2019tan rahmet ailesi ve yak\u0131nlar\u0131na ba\u015fsa\u011fl\u0131\u011f\u0131 dileriz.<\/p>\n","protected":false},"excerpt":{"rendered":"<p>\u015eahin k\u00f6y\u00fcnden Yusuf \u00c7ak\u0131r\u2019\u0131n annesi, Mestan, Hakan, Metin ve Serkan Yavuz\u2019un ablas\u0131, H\u00dcSN\u0130YE \u00c7AKIR vefat etmi\u015ftir. Cenazesi K\u00fctahya ok Meydan\u0131 Ayd\u0131nl\u0131k Evler Camisinde k\u0131l\u0131nacak \u00f6\u011fle namaz\u0131n\u0131 m\u00fcteakip K\u00fctahya Evliya \u00c7elebi Mezarl\u0131\u011f\u0131na defnedilecektir. Merhumeye Allah\u2019tan rahmet ailesi ve yak\u0131nlar\u0131na ba\u015fsa\u011fl\u0131\u011f\u0131 dileriz.<\/p>\n","protected":false},"author":5,"featured_media":0,"comment_status":"closed","ping_status":"","sticky":false,"template":"","format":"standard","meta":[],"categories":[2],"tags":[],"_links":{"self":[{"href":"http:\/\/ilan.tavsanli.bel.tr\/index.php\/wp-json\/wp\/v2\/posts\/3929"}],"collection":[{"href":"http:\/\/ilan.tavsanli.bel.tr\/index.php\/wp-json\/wp\/v2\/posts"}],"about":[{"href":"http:\/\/ilan.tavsanli.bel.tr\/index.php\/wp-json\/wp\/v2\/types\/post"}],"author":[{"embeddable":true,"href":"http:\/\/ilan.tavsanli.bel.tr\/index.php\/wp-json\/wp\/v2\/users\/5"}],"replies":[{"embeddable":true,"href":"http:\/\/ilan.tavsanli.bel.tr\/index.php\/wp-json\/wp\/v2\/comments?post=3929"}],"version-history":[{"count":1,"href":"http:\/\/ilan.tavsanli.bel.tr\/index.php\/wp-json\/wp\/v2\/posts\/3929\/revisions"}],"predecessor-version":[{"id":3930,"href":"http:\/\/ilan.tavsanli.bel.tr\/index.php\/wp-json\/wp\/v2\/posts\/3929\/revisions\/3930"}],"wp:attachment":[{"href":"http:\/\/ilan.tavsanli.bel.tr\/index.php\/wp-json\/wp\/v2\/media?parent=3929"}],"wp:term":[{"taxonomy":"category","embeddable":true,"href":"http:\/\/ilan.tavsanli.bel.tr\/index.php\/wp-json\/wp\/v2\/categories?post=3929"},{"taxonomy":"post_tag","embeddable":true,"href":"http:\/\/ilan.tavsanli.bel.tr\/index.php\/wp-json\/wp\/v2\/tags?post=3929"}],"curies":[{"name":"wp","href":"https:\/\/api.w.org\/{rel}","templated":true}]}}