{"id":3925,"date":"2022-09-03T11:09:57","date_gmt":"2022-09-03T11:09:57","guid":{"rendered":"http:\/\/ilan.tavsanli.bel.tr\/?p=3925"},"modified":"2022-09-03T11:09:57","modified_gmt":"2022-09-03T11:09:57","slug":"3925","status":"publish","type":"post","link":"http:\/\/ilan.tavsanli.bel.tr\/index.php\/2022\/09\/03\/3925\/","title":{"rendered":""},"content":{"rendered":"\n<p>Osman Karaba\u015f&#8217;\u0131n e\u015fi, R\u00fc\u015ft\u00fc, Nevzat, Bediha, Ahmet, Sabahattin, Mehmet ve Ali Karaba\u015f&#8217;\u0131n karde\u015fi, \u00d6\u011fretmen \u015eEYMA KARABA\u015e vefat etmi\u015ftir. Cenazesi K\u00fctahya Atakent camisinde k\u0131l\u0131nacak ikindi namaz\u0131n\u0131 m\u00fcteakip K\u00fctahya Musalla mezarl\u0131\u011f\u0131na defnedilecektir. Merhumeye Allah&#8217;tan rahmet ailesi ve yak\u0131nlar\u0131na ba\u015f sa\u011fl\u0131\u011f\u0131 dileriz.<\/p>\n","protected":false},"excerpt":{"rendered":"<p>Osman Karaba\u015f&#8217;\u0131n e\u015fi, R\u00fc\u015ft\u00fc, Nevzat, Bediha, Ahmet, Sabahattin, Mehmet ve Ali Karaba\u015f&#8217;\u0131n karde\u015fi, \u00d6\u011fretmen \u015eEYMA KARABA\u015e vefat etmi\u015ftir. Cenazesi K\u00fctahya Atakent camisinde k\u0131l\u0131nacak ikindi namaz\u0131n\u0131 m\u00fcteakip K\u00fctahya Musalla mezarl\u0131\u011f\u0131na defnedilecektir. Merhumeye Allah&#8217;tan rahmet ailesi ve yak\u0131nlar\u0131na ba\u015f sa\u011fl\u0131\u011f\u0131 dileriz.<\/p>\n","protected":false},"author":5,"featured_media":0,"comment_status":"closed","ping_status":"","sticky":false,"template":"","format":"standard","meta":[],"categories":[2],"tags":[],"_links":{"self":[{"href":"http:\/\/ilan.tavsanli.bel.tr\/index.php\/wp-json\/wp\/v2\/posts\/3925"}],"collection":[{"href":"http:\/\/ilan.tavsanli.bel.tr\/index.php\/wp-json\/wp\/v2\/posts"}],"about":[{"href":"http:\/\/ilan.tavsanli.bel.tr\/index.php\/wp-json\/wp\/v2\/types\/post"}],"author":[{"embeddable":true,"href":"http:\/\/ilan.tavsanli.bel.tr\/index.php\/wp-json\/wp\/v2\/users\/5"}],"replies":[{"embeddable":true,"href":"http:\/\/ilan.tavsanli.bel.tr\/index.php\/wp-json\/wp\/v2\/comments?post=3925"}],"version-history":[{"count":1,"href":"http:\/\/ilan.tavsanli.bel.tr\/index.php\/wp-json\/wp\/v2\/posts\/3925\/revisions"}],"predecessor-version":[{"id":3926,"href":"http:\/\/ilan.tavsanli.bel.tr\/index.php\/wp-json\/wp\/v2\/posts\/3925\/revisions\/3926"}],"wp:attachment":[{"href":"http:\/\/ilan.tavsanli.bel.tr\/index.php\/wp-json\/wp\/v2\/media?parent=3925"}],"wp:term":[{"taxonomy":"category","embeddable":true,"href":"http:\/\/ilan.tavsanli.bel.tr\/index.php\/wp-json\/wp\/v2\/categories?post=3925"},{"taxonomy":"post_tag","embeddable":true,"href":"http:\/\/ilan.tavsanli.bel.tr\/index.php\/wp-json\/wp\/v2\/tags?post=3925"}],"curies":[{"name":"wp","href":"https:\/\/api.w.org\/{rel}","templated":true}]}}