{"id":3919,"date":"2022-09-01T07:36:39","date_gmt":"2022-09-01T07:36:39","guid":{"rendered":"http:\/\/ilan.tavsanli.bel.tr\/?p=3919"},"modified":"2022-09-01T07:36:39","modified_gmt":"2022-09-01T07:36:39","slug":"3919","status":"publish","type":"post","link":"http:\/\/ilan.tavsanli.bel.tr\/index.php\/2022\/09\/01\/3919\/","title":{"rendered":""},"content":{"rendered":"\n<p>\u00d6renk\u00f6y\u2019den merhum Hasan H\u00fcseyin A\u015far\u2019\u0131n e\u015fi, \u0130brahim, \u015eerife ve merhum \u015eerafettin A\u015far\u2019\u0131n anneleri, Murat Tokag\u00f6z\u2019\u00fcn kay\u0131nvalidesi Z\u00dcLF\u0130YE A\u015eAR vefat etmi\u015ftir. Cenazesi Mevlana Cami\u2019de k\u0131l\u0131nacak \u00f6\u011fle namaz\u0131n\u0131 m\u00fcteakip Yeni Yaylac\u0131k Mezarl\u0131\u011f\u0131\u2019na defnedilecektir. Merhumeye Allah\u2019tan rahmet ailesi ve yak\u0131nlar\u0131na ba\u015fsa\u011fl\u0131\u011f\u0131 dileriz.<\/p>\n\n\n\n<p><\/p>\n","protected":false},"excerpt":{"rendered":"<p>\u00d6renk\u00f6y\u2019den merhum Hasan H\u00fcseyin A\u015far\u2019\u0131n e\u015fi, \u0130brahim, \u015eerife ve merhum \u015eerafettin A\u015far\u2019\u0131n anneleri, Murat Tokag\u00f6z\u2019\u00fcn kay\u0131nvalidesi Z\u00dcLF\u0130YE A\u015eAR vefat etmi\u015ftir. Cenazesi Mevlana Cami\u2019de k\u0131l\u0131nacak \u00f6\u011fle namaz\u0131n\u0131 m\u00fcteakip Yeni Yaylac\u0131k Mezarl\u0131\u011f\u0131\u2019na defnedilecektir. Merhumeye Allah\u2019tan rahmet ailesi ve yak\u0131nlar\u0131na ba\u015fsa\u011fl\u0131\u011f\u0131 dileriz.<\/p>\n","protected":false},"author":5,"featured_media":0,"comment_status":"closed","ping_status":"","sticky":false,"template":"","format":"standard","meta":[],"categories":[2],"tags":[],"_links":{"self":[{"href":"http:\/\/ilan.tavsanli.bel.tr\/index.php\/wp-json\/wp\/v2\/posts\/3919"}],"collection":[{"href":"http:\/\/ilan.tavsanli.bel.tr\/index.php\/wp-json\/wp\/v2\/posts"}],"about":[{"href":"http:\/\/ilan.tavsanli.bel.tr\/index.php\/wp-json\/wp\/v2\/types\/post"}],"author":[{"embeddable":true,"href":"http:\/\/ilan.tavsanli.bel.tr\/index.php\/wp-json\/wp\/v2\/users\/5"}],"replies":[{"embeddable":true,"href":"http:\/\/ilan.tavsanli.bel.tr\/index.php\/wp-json\/wp\/v2\/comments?post=3919"}],"version-history":[{"count":1,"href":"http:\/\/ilan.tavsanli.bel.tr\/index.php\/wp-json\/wp\/v2\/posts\/3919\/revisions"}],"predecessor-version":[{"id":3920,"href":"http:\/\/ilan.tavsanli.bel.tr\/index.php\/wp-json\/wp\/v2\/posts\/3919\/revisions\/3920"}],"wp:attachment":[{"href":"http:\/\/ilan.tavsanli.bel.tr\/index.php\/wp-json\/wp\/v2\/media?parent=3919"}],"wp:term":[{"taxonomy":"category","embeddable":true,"href":"http:\/\/ilan.tavsanli.bel.tr\/index.php\/wp-json\/wp\/v2\/categories?post=3919"},{"taxonomy":"post_tag","embeddable":true,"href":"http:\/\/ilan.tavsanli.bel.tr\/index.php\/wp-json\/wp\/v2\/tags?post=3919"}],"curies":[{"name":"wp","href":"https:\/\/api.w.org\/{rel}","templated":true}]}}