{"id":3891,"date":"2022-08-28T08:14:48","date_gmt":"2022-08-28T08:14:48","guid":{"rendered":"http:\/\/ilan.tavsanli.bel.tr\/?p=3891"},"modified":"2022-08-28T08:14:48","modified_gmt":"2022-08-28T08:14:48","slug":"3891","status":"publish","type":"post","link":"http:\/\/ilan.tavsanli.bel.tr\/index.php\/2022\/08\/28\/3891\/","title":{"rendered":""},"content":{"rendered":"\n<p>Y\u00f6rg\u00fc\u00e7 k\u00f6y\u00fcnden merhum \u015eerif \u00d6zdemir&#8217;in e\u015fi, H\u00fcseyin Atay&#8217;\u0131n kay\u0131nvalidesi, \u015eER\u0130FE \u00d6ZDEM\u0130R vefat etmi\u015ftir. Cenazesi \u00f6\u011fle namaz\u0131n\u0131 m\u00fcteakip Y\u00f6rg\u00fc\u00e7 k\u00f6y\u00fc mezarl\u0131\u011f\u0131na defnedilecektir. Merhumeye Allah&#8217;tan rahmet ailesi ve yak\u0131nlar\u0131na ba\u015f sa\u011fl\u0131\u011f\u0131 dileriz.<\/p>\n","protected":false},"excerpt":{"rendered":"<p>Y\u00f6rg\u00fc\u00e7 k\u00f6y\u00fcnden merhum \u015eerif \u00d6zdemir&#8217;in e\u015fi, H\u00fcseyin Atay&#8217;\u0131n kay\u0131nvalidesi, \u015eER\u0130FE \u00d6ZDEM\u0130R vefat etmi\u015ftir. Cenazesi \u00f6\u011fle namaz\u0131n\u0131 m\u00fcteakip Y\u00f6rg\u00fc\u00e7 k\u00f6y\u00fc mezarl\u0131\u011f\u0131na defnedilecektir. Merhumeye Allah&#8217;tan rahmet ailesi ve yak\u0131nlar\u0131na ba\u015f sa\u011fl\u0131\u011f\u0131 dileriz.<\/p>\n","protected":false},"author":5,"featured_media":0,"comment_status":"closed","ping_status":"","sticky":false,"template":"","format":"standard","meta":[],"categories":[2],"tags":[],"_links":{"self":[{"href":"http:\/\/ilan.tavsanli.bel.tr\/index.php\/wp-json\/wp\/v2\/posts\/3891"}],"collection":[{"href":"http:\/\/ilan.tavsanli.bel.tr\/index.php\/wp-json\/wp\/v2\/posts"}],"about":[{"href":"http:\/\/ilan.tavsanli.bel.tr\/index.php\/wp-json\/wp\/v2\/types\/post"}],"author":[{"embeddable":true,"href":"http:\/\/ilan.tavsanli.bel.tr\/index.php\/wp-json\/wp\/v2\/users\/5"}],"replies":[{"embeddable":true,"href":"http:\/\/ilan.tavsanli.bel.tr\/index.php\/wp-json\/wp\/v2\/comments?post=3891"}],"version-history":[{"count":1,"href":"http:\/\/ilan.tavsanli.bel.tr\/index.php\/wp-json\/wp\/v2\/posts\/3891\/revisions"}],"predecessor-version":[{"id":3892,"href":"http:\/\/ilan.tavsanli.bel.tr\/index.php\/wp-json\/wp\/v2\/posts\/3891\/revisions\/3892"}],"wp:attachment":[{"href":"http:\/\/ilan.tavsanli.bel.tr\/index.php\/wp-json\/wp\/v2\/media?parent=3891"}],"wp:term":[{"taxonomy":"category","embeddable":true,"href":"http:\/\/ilan.tavsanli.bel.tr\/index.php\/wp-json\/wp\/v2\/categories?post=3891"},{"taxonomy":"post_tag","embeddable":true,"href":"http:\/\/ilan.tavsanli.bel.tr\/index.php\/wp-json\/wp\/v2\/tags?post=3891"}],"curies":[{"name":"wp","href":"https:\/\/api.w.org\/{rel}","templated":true}]}}