{"id":3874,"date":"2022-08-24T07:53:56","date_gmt":"2022-08-24T07:53:56","guid":{"rendered":"http:\/\/ilan.tavsanli.bel.tr\/?p=3874"},"modified":"2022-08-24T07:53:56","modified_gmt":"2022-08-24T07:53:56","slug":"3874","status":"publish","type":"post","link":"http:\/\/ilan.tavsanli.bel.tr\/index.php\/2022\/08\/24\/3874\/","title":{"rendered":""},"content":{"rendered":"\n<p>Ayval\u0131 k\u00f6y\u00fcnden S\u00fcleyman \u015eenel\u2019in babas\u0131, H\u00fcsem \u015eenel\u2019in abisi, Muharrem Demir\u2019in kay\u0131npederi, Tav\u015fanl\u0131 Devlet Hastanesi emekli i\u015f\u00e7ilerinden \u0130SMA\u0130L \u015eENEL vefat etmi\u015ftir. Cenazesi saat 11.00\u2019da Ayval\u0131 k\u00f6y\u00fc mezarl\u0131\u011f\u0131na defnedilecektir. Merhuma Allah\u2019tan rahmet ailesi ve yak\u0131nlar\u0131na ba\u015fsa\u011fl\u0131\u011f\u0131 dileriz.<\/p>\n","protected":false},"excerpt":{"rendered":"<p>Ayval\u0131 k\u00f6y\u00fcnden S\u00fcleyman \u015eenel\u2019in babas\u0131, H\u00fcsem \u015eenel\u2019in abisi, Muharrem Demir\u2019in kay\u0131npederi, Tav\u015fanl\u0131 Devlet Hastanesi emekli i\u015f\u00e7ilerinden \u0130SMA\u0130L \u015eENEL vefat etmi\u015ftir. Cenazesi saat 11.00\u2019da Ayval\u0131 k\u00f6y\u00fc mezarl\u0131\u011f\u0131na defnedilecektir. Merhuma Allah\u2019tan rahmet ailesi ve yak\u0131nlar\u0131na ba\u015fsa\u011fl\u0131\u011f\u0131 dileriz.<\/p>\n","protected":false},"author":5,"featured_media":0,"comment_status":"closed","ping_status":"","sticky":false,"template":"","format":"standard","meta":[],"categories":[2],"tags":[],"_links":{"self":[{"href":"http:\/\/ilan.tavsanli.bel.tr\/index.php\/wp-json\/wp\/v2\/posts\/3874"}],"collection":[{"href":"http:\/\/ilan.tavsanli.bel.tr\/index.php\/wp-json\/wp\/v2\/posts"}],"about":[{"href":"http:\/\/ilan.tavsanli.bel.tr\/index.php\/wp-json\/wp\/v2\/types\/post"}],"author":[{"embeddable":true,"href":"http:\/\/ilan.tavsanli.bel.tr\/index.php\/wp-json\/wp\/v2\/users\/5"}],"replies":[{"embeddable":true,"href":"http:\/\/ilan.tavsanli.bel.tr\/index.php\/wp-json\/wp\/v2\/comments?post=3874"}],"version-history":[{"count":1,"href":"http:\/\/ilan.tavsanli.bel.tr\/index.php\/wp-json\/wp\/v2\/posts\/3874\/revisions"}],"predecessor-version":[{"id":3875,"href":"http:\/\/ilan.tavsanli.bel.tr\/index.php\/wp-json\/wp\/v2\/posts\/3874\/revisions\/3875"}],"wp:attachment":[{"href":"http:\/\/ilan.tavsanli.bel.tr\/index.php\/wp-json\/wp\/v2\/media?parent=3874"}],"wp:term":[{"taxonomy":"category","embeddable":true,"href":"http:\/\/ilan.tavsanli.bel.tr\/index.php\/wp-json\/wp\/v2\/categories?post=3874"},{"taxonomy":"post_tag","embeddable":true,"href":"http:\/\/ilan.tavsanli.bel.tr\/index.php\/wp-json\/wp\/v2\/tags?post=3874"}],"curies":[{"name":"wp","href":"https:\/\/api.w.org\/{rel}","templated":true}]}}