{"id":3870,"date":"2022-08-22T08:09:15","date_gmt":"2022-08-22T08:09:15","guid":{"rendered":"http:\/\/ilan.tavsanli.bel.tr\/?p=3870"},"modified":"2022-08-22T08:09:15","modified_gmt":"2022-08-22T08:09:15","slug":"3870","status":"publish","type":"post","link":"http:\/\/ilan.tavsanli.bel.tr\/index.php\/2022\/08\/22\/3870\/","title":{"rendered":""},"content":{"rendered":"\n<p>\u00c7ukurk\u00f6y Mahallesinden Mehmet Din\u00e7soy\u2019un e\u015fi, H\u00fcseyin Din\u00e7soy\u2019un annesi, Ali Arslan\u2019\u0131n kay\u0131nvalidesi, AY\u015eE D\u0130N\u00c7SOY vefat etmi\u015ftir. Cenazesi \u00f6\u011fle namaz\u0131n\u0131 m\u00fcteakip \u00c7ukurk\u00f6y mahallesi mezarl\u0131\u011f\u0131na defnedilecektir. Merhumeye Allah\u2019tan rahmet ailesi ve yak\u0131nlar\u0131na ba\u015fsa\u011fl\u0131\u011f\u0131 dileriz.<\/p>\n","protected":false},"excerpt":{"rendered":"<p>\u00c7ukurk\u00f6y Mahallesinden Mehmet Din\u00e7soy\u2019un e\u015fi, H\u00fcseyin Din\u00e7soy\u2019un annesi, Ali Arslan\u2019\u0131n kay\u0131nvalidesi, AY\u015eE D\u0130N\u00c7SOY vefat etmi\u015ftir. Cenazesi \u00f6\u011fle namaz\u0131n\u0131 m\u00fcteakip \u00c7ukurk\u00f6y mahallesi mezarl\u0131\u011f\u0131na defnedilecektir. Merhumeye Allah\u2019tan rahmet ailesi ve yak\u0131nlar\u0131na ba\u015fsa\u011fl\u0131\u011f\u0131 dileriz.<\/p>\n","protected":false},"author":5,"featured_media":0,"comment_status":"closed","ping_status":"","sticky":false,"template":"","format":"standard","meta":[],"categories":[2],"tags":[],"_links":{"self":[{"href":"http:\/\/ilan.tavsanli.bel.tr\/index.php\/wp-json\/wp\/v2\/posts\/3870"}],"collection":[{"href":"http:\/\/ilan.tavsanli.bel.tr\/index.php\/wp-json\/wp\/v2\/posts"}],"about":[{"href":"http:\/\/ilan.tavsanli.bel.tr\/index.php\/wp-json\/wp\/v2\/types\/post"}],"author":[{"embeddable":true,"href":"http:\/\/ilan.tavsanli.bel.tr\/index.php\/wp-json\/wp\/v2\/users\/5"}],"replies":[{"embeddable":true,"href":"http:\/\/ilan.tavsanli.bel.tr\/index.php\/wp-json\/wp\/v2\/comments?post=3870"}],"version-history":[{"count":1,"href":"http:\/\/ilan.tavsanli.bel.tr\/index.php\/wp-json\/wp\/v2\/posts\/3870\/revisions"}],"predecessor-version":[{"id":3871,"href":"http:\/\/ilan.tavsanli.bel.tr\/index.php\/wp-json\/wp\/v2\/posts\/3870\/revisions\/3871"}],"wp:attachment":[{"href":"http:\/\/ilan.tavsanli.bel.tr\/index.php\/wp-json\/wp\/v2\/media?parent=3870"}],"wp:term":[{"taxonomy":"category","embeddable":true,"href":"http:\/\/ilan.tavsanli.bel.tr\/index.php\/wp-json\/wp\/v2\/categories?post=3870"},{"taxonomy":"post_tag","embeddable":true,"href":"http:\/\/ilan.tavsanli.bel.tr\/index.php\/wp-json\/wp\/v2\/tags?post=3870"}],"curies":[{"name":"wp","href":"https:\/\/api.w.org\/{rel}","templated":true}]}}