{"id":3868,"date":"2022-08-22T08:08:51","date_gmt":"2022-08-22T08:08:51","guid":{"rendered":"http:\/\/ilan.tavsanli.bel.tr\/?p=3868"},"modified":"2022-08-22T08:08:51","modified_gmt":"2022-08-22T08:08:51","slug":"3868","status":"publish","type":"post","link":"http:\/\/ilan.tavsanli.bel.tr\/index.php\/2022\/08\/22\/3868\/","title":{"rendered":""},"content":{"rendered":"\n<p>G\u00fcnl\u00fcce k\u00f6y\u00fcnden Ramazan Da\u011fdelen\u2019in e\u015fi, \u00d6mer ve Orhan Da\u011fdelen\u2019in anneleri, Osman Ero\u011flu\u2019nun kay\u0131nvalidesi, G\u00dcLS\u00dcM DA\u011eDELEN vefat etmi\u015ftir. Cenazesi \u00f6\u011fle namaz\u0131n\u0131 m\u00fcteakip G\u00fcnl\u00fcce k\u00f6y\u00fc mezarl\u0131\u011f\u0131na defnedilecektir. Merhumeye Allah\u2019tan rahmet ailesi ve yak\u0131nlar\u0131na ba\u015fsa\u011fl\u0131\u011f\u0131 dileriz.<\/p>\n","protected":false},"excerpt":{"rendered":"<p>G\u00fcnl\u00fcce k\u00f6y\u00fcnden Ramazan Da\u011fdelen\u2019in e\u015fi, \u00d6mer ve Orhan Da\u011fdelen\u2019in anneleri, Osman Ero\u011flu\u2019nun kay\u0131nvalidesi, G\u00dcLS\u00dcM DA\u011eDELEN vefat etmi\u015ftir. Cenazesi \u00f6\u011fle namaz\u0131n\u0131 m\u00fcteakip G\u00fcnl\u00fcce k\u00f6y\u00fc mezarl\u0131\u011f\u0131na defnedilecektir. Merhumeye Allah\u2019tan rahmet ailesi ve yak\u0131nlar\u0131na ba\u015fsa\u011fl\u0131\u011f\u0131 dileriz.<\/p>\n","protected":false},"author":5,"featured_media":0,"comment_status":"closed","ping_status":"","sticky":false,"template":"","format":"standard","meta":[],"categories":[2],"tags":[],"_links":{"self":[{"href":"http:\/\/ilan.tavsanli.bel.tr\/index.php\/wp-json\/wp\/v2\/posts\/3868"}],"collection":[{"href":"http:\/\/ilan.tavsanli.bel.tr\/index.php\/wp-json\/wp\/v2\/posts"}],"about":[{"href":"http:\/\/ilan.tavsanli.bel.tr\/index.php\/wp-json\/wp\/v2\/types\/post"}],"author":[{"embeddable":true,"href":"http:\/\/ilan.tavsanli.bel.tr\/index.php\/wp-json\/wp\/v2\/users\/5"}],"replies":[{"embeddable":true,"href":"http:\/\/ilan.tavsanli.bel.tr\/index.php\/wp-json\/wp\/v2\/comments?post=3868"}],"version-history":[{"count":1,"href":"http:\/\/ilan.tavsanli.bel.tr\/index.php\/wp-json\/wp\/v2\/posts\/3868\/revisions"}],"predecessor-version":[{"id":3869,"href":"http:\/\/ilan.tavsanli.bel.tr\/index.php\/wp-json\/wp\/v2\/posts\/3868\/revisions\/3869"}],"wp:attachment":[{"href":"http:\/\/ilan.tavsanli.bel.tr\/index.php\/wp-json\/wp\/v2\/media?parent=3868"}],"wp:term":[{"taxonomy":"category","embeddable":true,"href":"http:\/\/ilan.tavsanli.bel.tr\/index.php\/wp-json\/wp\/v2\/categories?post=3868"},{"taxonomy":"post_tag","embeddable":true,"href":"http:\/\/ilan.tavsanli.bel.tr\/index.php\/wp-json\/wp\/v2\/tags?post=3868"}],"curies":[{"name":"wp","href":"https:\/\/api.w.org\/{rel}","templated":true}]}}