{"id":3866,"date":"2022-08-21T11:18:40","date_gmt":"2022-08-21T11:18:40","guid":{"rendered":"http:\/\/ilan.tavsanli.bel.tr\/?p=3866"},"modified":"2022-08-21T11:18:40","modified_gmt":"2022-08-21T11:18:40","slug":"3866","status":"publish","type":"post","link":"http:\/\/ilan.tavsanli.bel.tr\/index.php\/2022\/08\/21\/3866\/","title":{"rendered":""},"content":{"rendered":"\n<p>Emet Konu\u015f k\u00f6y\u00fcnden Merhum Mustafa Turan&#8217;\u0131n k\u0131z\u0131, Bahattin Kartal&#8217;\u0131n e\u015fi, H\u00fcseyin Kartal&#8217;\u0131n annesi, Hasan H\u00fcseyin Turan&#8217;\u0131n k\u0131zkarde\u015fi, Muzaffer Sa\u011flam&#8217;\u0131n kay\u0131nvalidesi, AY\u015eE KARTAL vefat etmi\u015ftir. Cenazesi ikindi namaz\u0131n\u0131 m\u00fcteakip Konu\u015f k\u00f6y\u00fc mezarl\u0131\u011f\u0131na defnedilecektir. Merhumeye Allah&#8217;tan rahmet ailesi ve yak\u0131nlar\u0131na ba\u015f sa\u011fl\u0131\u011f\u0131 dileriz.<\/p>\n","protected":false},"excerpt":{"rendered":"<p>Emet Konu\u015f k\u00f6y\u00fcnden Merhum Mustafa Turan&#8217;\u0131n k\u0131z\u0131, Bahattin Kartal&#8217;\u0131n e\u015fi, H\u00fcseyin Kartal&#8217;\u0131n annesi, Hasan H\u00fcseyin Turan&#8217;\u0131n k\u0131zkarde\u015fi, Muzaffer Sa\u011flam&#8217;\u0131n kay\u0131nvalidesi, AY\u015eE KARTAL vefat etmi\u015ftir. Cenazesi ikindi namaz\u0131n\u0131 m\u00fcteakip Konu\u015f k\u00f6y\u00fc mezarl\u0131\u011f\u0131na defnedilecektir. Merhumeye Allah&#8217;tan rahmet ailesi ve yak\u0131nlar\u0131na ba\u015f sa\u011fl\u0131\u011f\u0131 dileriz.<\/p>\n","protected":false},"author":5,"featured_media":0,"comment_status":"closed","ping_status":"","sticky":false,"template":"","format":"standard","meta":[],"categories":[2],"tags":[],"_links":{"self":[{"href":"http:\/\/ilan.tavsanli.bel.tr\/index.php\/wp-json\/wp\/v2\/posts\/3866"}],"collection":[{"href":"http:\/\/ilan.tavsanli.bel.tr\/index.php\/wp-json\/wp\/v2\/posts"}],"about":[{"href":"http:\/\/ilan.tavsanli.bel.tr\/index.php\/wp-json\/wp\/v2\/types\/post"}],"author":[{"embeddable":true,"href":"http:\/\/ilan.tavsanli.bel.tr\/index.php\/wp-json\/wp\/v2\/users\/5"}],"replies":[{"embeddable":true,"href":"http:\/\/ilan.tavsanli.bel.tr\/index.php\/wp-json\/wp\/v2\/comments?post=3866"}],"version-history":[{"count":1,"href":"http:\/\/ilan.tavsanli.bel.tr\/index.php\/wp-json\/wp\/v2\/posts\/3866\/revisions"}],"predecessor-version":[{"id":3867,"href":"http:\/\/ilan.tavsanli.bel.tr\/index.php\/wp-json\/wp\/v2\/posts\/3866\/revisions\/3867"}],"wp:attachment":[{"href":"http:\/\/ilan.tavsanli.bel.tr\/index.php\/wp-json\/wp\/v2\/media?parent=3866"}],"wp:term":[{"taxonomy":"category","embeddable":true,"href":"http:\/\/ilan.tavsanli.bel.tr\/index.php\/wp-json\/wp\/v2\/categories?post=3866"},{"taxonomy":"post_tag","embeddable":true,"href":"http:\/\/ilan.tavsanli.bel.tr\/index.php\/wp-json\/wp\/v2\/tags?post=3866"}],"curies":[{"name":"wp","href":"https:\/\/api.w.org\/{rel}","templated":true}]}}