{"id":3864,"date":"2022-08-21T11:14:29","date_gmt":"2022-08-21T11:14:29","guid":{"rendered":"http:\/\/ilan.tavsanli.bel.tr\/?p=3864"},"modified":"2022-08-21T11:14:29","modified_gmt":"2022-08-21T11:14:29","slug":"3864","status":"publish","type":"post","link":"http:\/\/ilan.tavsanli.bel.tr\/index.php\/2022\/08\/21\/3864\/","title":{"rendered":""},"content":{"rendered":"\n<p>Tav\u015fanl\u0131 Arifler k\u00f6y\u00fcnden Arif ve merhum Selim Ko\u00e7&#8217;un karde\u015fi, Emine Ko\u00e7&#8217;un e\u015fi, MUSTAFA KO\u00c7 vefat etmi\u015ftir. Cenazesi Fatih camisinde k\u0131l\u0131nacak ikindi namaz\u0131n\u0131 m\u00fcteakip \u00c7ukurk\u00f6y Mahallesi mezarl\u0131\u011f\u0131na defnedilecektir. Merhuma Allah&#8217;tan rahmet ailesi ve yak\u0131nlar\u0131na ba\u015f sa\u011fl\u0131\u011f\u0131 dileriz.<\/p>\n","protected":false},"excerpt":{"rendered":"<p>Tav\u015fanl\u0131 Arifler k\u00f6y\u00fcnden Arif ve merhum Selim Ko\u00e7&#8217;un karde\u015fi, Emine Ko\u00e7&#8217;un e\u015fi, MUSTAFA KO\u00c7 vefat etmi\u015ftir. Cenazesi Fatih camisinde k\u0131l\u0131nacak ikindi namaz\u0131n\u0131 m\u00fcteakip \u00c7ukurk\u00f6y Mahallesi mezarl\u0131\u011f\u0131na defnedilecektir. Merhuma Allah&#8217;tan rahmet ailesi ve yak\u0131nlar\u0131na ba\u015f sa\u011fl\u0131\u011f\u0131 dileriz.<\/p>\n","protected":false},"author":5,"featured_media":0,"comment_status":"closed","ping_status":"","sticky":false,"template":"","format":"standard","meta":[],"categories":[2],"tags":[],"_links":{"self":[{"href":"http:\/\/ilan.tavsanli.bel.tr\/index.php\/wp-json\/wp\/v2\/posts\/3864"}],"collection":[{"href":"http:\/\/ilan.tavsanli.bel.tr\/index.php\/wp-json\/wp\/v2\/posts"}],"about":[{"href":"http:\/\/ilan.tavsanli.bel.tr\/index.php\/wp-json\/wp\/v2\/types\/post"}],"author":[{"embeddable":true,"href":"http:\/\/ilan.tavsanli.bel.tr\/index.php\/wp-json\/wp\/v2\/users\/5"}],"replies":[{"embeddable":true,"href":"http:\/\/ilan.tavsanli.bel.tr\/index.php\/wp-json\/wp\/v2\/comments?post=3864"}],"version-history":[{"count":1,"href":"http:\/\/ilan.tavsanli.bel.tr\/index.php\/wp-json\/wp\/v2\/posts\/3864\/revisions"}],"predecessor-version":[{"id":3865,"href":"http:\/\/ilan.tavsanli.bel.tr\/index.php\/wp-json\/wp\/v2\/posts\/3864\/revisions\/3865"}],"wp:attachment":[{"href":"http:\/\/ilan.tavsanli.bel.tr\/index.php\/wp-json\/wp\/v2\/media?parent=3864"}],"wp:term":[{"taxonomy":"category","embeddable":true,"href":"http:\/\/ilan.tavsanli.bel.tr\/index.php\/wp-json\/wp\/v2\/categories?post=3864"},{"taxonomy":"post_tag","embeddable":true,"href":"http:\/\/ilan.tavsanli.bel.tr\/index.php\/wp-json\/wp\/v2\/tags?post=3864"}],"curies":[{"name":"wp","href":"https:\/\/api.w.org\/{rel}","templated":true}]}}