{"id":3858,"date":"2022-08-20T11:06:56","date_gmt":"2022-08-20T11:06:56","guid":{"rendered":"http:\/\/ilan.tavsanli.bel.tr\/?p=3858"},"modified":"2022-08-20T11:06:56","modified_gmt":"2022-08-20T11:06:56","slug":"3858","status":"publish","type":"post","link":"http:\/\/ilan.tavsanli.bel.tr\/index.php\/2022\/08\/20\/3858\/","title":{"rendered":""},"content":{"rendered":"\n<p>Karakaya k\u00f6y\u00fcnden \u0130smail ve Hasan H\u00fcseyin Sar\u0131&#8217;n\u0131n babalar\u0131, \u00d6mer Kara, H\u00fcseyin Karaaslan ve merhum Necati Demiralp&#8217;\u0131n kay\u0131npederi, MEHMET SARI vefat etmi\u015ftir. Cenazesi Ye\u015fil camide k\u0131l\u0131nacak ikindi namaz\u0131n\u0131 m\u00fcteakip Yeni Yaylac\u0131k mezarl\u0131\u011f\u0131na defnedilecektir. Merhuma Allah&#8217;tan rahmet ailesi ve yak\u0131nlar\u0131na ba\u015f sa\u011fl\u0131\u011f\u0131 dileriz.<\/p>\n","protected":false},"excerpt":{"rendered":"<p>Karakaya k\u00f6y\u00fcnden \u0130smail ve Hasan H\u00fcseyin Sar\u0131&#8217;n\u0131n babalar\u0131, \u00d6mer Kara, H\u00fcseyin Karaaslan ve merhum Necati Demiralp&#8217;\u0131n kay\u0131npederi, MEHMET SARI vefat etmi\u015ftir. Cenazesi Ye\u015fil camide k\u0131l\u0131nacak ikindi namaz\u0131n\u0131 m\u00fcteakip Yeni Yaylac\u0131k mezarl\u0131\u011f\u0131na defnedilecektir. Merhuma Allah&#8217;tan rahmet ailesi ve yak\u0131nlar\u0131na ba\u015f sa\u011fl\u0131\u011f\u0131 dileriz.<\/p>\n","protected":false},"author":5,"featured_media":0,"comment_status":"closed","ping_status":"","sticky":false,"template":"","format":"standard","meta":[],"categories":[2],"tags":[],"_links":{"self":[{"href":"http:\/\/ilan.tavsanli.bel.tr\/index.php\/wp-json\/wp\/v2\/posts\/3858"}],"collection":[{"href":"http:\/\/ilan.tavsanli.bel.tr\/index.php\/wp-json\/wp\/v2\/posts"}],"about":[{"href":"http:\/\/ilan.tavsanli.bel.tr\/index.php\/wp-json\/wp\/v2\/types\/post"}],"author":[{"embeddable":true,"href":"http:\/\/ilan.tavsanli.bel.tr\/index.php\/wp-json\/wp\/v2\/users\/5"}],"replies":[{"embeddable":true,"href":"http:\/\/ilan.tavsanli.bel.tr\/index.php\/wp-json\/wp\/v2\/comments?post=3858"}],"version-history":[{"count":1,"href":"http:\/\/ilan.tavsanli.bel.tr\/index.php\/wp-json\/wp\/v2\/posts\/3858\/revisions"}],"predecessor-version":[{"id":3859,"href":"http:\/\/ilan.tavsanli.bel.tr\/index.php\/wp-json\/wp\/v2\/posts\/3858\/revisions\/3859"}],"wp:attachment":[{"href":"http:\/\/ilan.tavsanli.bel.tr\/index.php\/wp-json\/wp\/v2\/media?parent=3858"}],"wp:term":[{"taxonomy":"category","embeddable":true,"href":"http:\/\/ilan.tavsanli.bel.tr\/index.php\/wp-json\/wp\/v2\/categories?post=3858"},{"taxonomy":"post_tag","embeddable":true,"href":"http:\/\/ilan.tavsanli.bel.tr\/index.php\/wp-json\/wp\/v2\/tags?post=3858"}],"curies":[{"name":"wp","href":"https:\/\/api.w.org\/{rel}","templated":true}]}}