{"id":3856,"date":"2022-08-20T08:09:43","date_gmt":"2022-08-20T08:09:43","guid":{"rendered":"http:\/\/ilan.tavsanli.bel.tr\/?p=3856"},"modified":"2022-08-20T08:09:43","modified_gmt":"2022-08-20T08:09:43","slug":"3856","status":"publish","type":"post","link":"http:\/\/ilan.tavsanli.bel.tr\/index.php\/2022\/08\/20\/3856\/","title":{"rendered":""},"content":{"rendered":"\n<p>Tun\u00e7bilek Beldesi G\u00fcra\u011fa\u00e7 Mahallesinden Merhum \u0130smet \u00c7akmak&#8217;\u0131n e\u015fi, Mehmet \u00c7akmak&#8217;\u0131n annesi, Mustafa Ba\u015fl\u0131 ve Hasan Ya\u011fc\u0131&#8217;n\u0131n kay\u0131nvalidesi, N\u0130MET \u00c7AKMAK vefat etmi\u015ftir. Cenazesi \u00d6\u011fle namaz\u0131n\u0131 m\u00fcteakkip G\u00fcra\u011fa\u00e7 Cevizli Mahallesi mezarl\u0131\u011f\u0131na defnedilecektir. Merhumeye Allah&#8217;tan rahmet ailesi ve yak\u0131nlar\u0131na ba\u015f sa\u011fl\u0131\u011f\u0131 dileriz.<\/p>\n","protected":false},"excerpt":{"rendered":"<p>Tun\u00e7bilek Beldesi G\u00fcra\u011fa\u00e7 Mahallesinden Merhum \u0130smet \u00c7akmak&#8217;\u0131n e\u015fi, Mehmet \u00c7akmak&#8217;\u0131n annesi, Mustafa Ba\u015fl\u0131 ve Hasan Ya\u011fc\u0131&#8217;n\u0131n kay\u0131nvalidesi, N\u0130MET \u00c7AKMAK vefat etmi\u015ftir. Cenazesi \u00d6\u011fle namaz\u0131n\u0131 m\u00fcteakkip G\u00fcra\u011fa\u00e7 Cevizli Mahallesi mezarl\u0131\u011f\u0131na defnedilecektir. Merhumeye Allah&#8217;tan rahmet ailesi ve yak\u0131nlar\u0131na ba\u015f sa\u011fl\u0131\u011f\u0131 dileriz.<\/p>\n","protected":false},"author":5,"featured_media":0,"comment_status":"closed","ping_status":"","sticky":false,"template":"","format":"standard","meta":[],"categories":[2],"tags":[],"_links":{"self":[{"href":"http:\/\/ilan.tavsanli.bel.tr\/index.php\/wp-json\/wp\/v2\/posts\/3856"}],"collection":[{"href":"http:\/\/ilan.tavsanli.bel.tr\/index.php\/wp-json\/wp\/v2\/posts"}],"about":[{"href":"http:\/\/ilan.tavsanli.bel.tr\/index.php\/wp-json\/wp\/v2\/types\/post"}],"author":[{"embeddable":true,"href":"http:\/\/ilan.tavsanli.bel.tr\/index.php\/wp-json\/wp\/v2\/users\/5"}],"replies":[{"embeddable":true,"href":"http:\/\/ilan.tavsanli.bel.tr\/index.php\/wp-json\/wp\/v2\/comments?post=3856"}],"version-history":[{"count":1,"href":"http:\/\/ilan.tavsanli.bel.tr\/index.php\/wp-json\/wp\/v2\/posts\/3856\/revisions"}],"predecessor-version":[{"id":3857,"href":"http:\/\/ilan.tavsanli.bel.tr\/index.php\/wp-json\/wp\/v2\/posts\/3856\/revisions\/3857"}],"wp:attachment":[{"href":"http:\/\/ilan.tavsanli.bel.tr\/index.php\/wp-json\/wp\/v2\/media?parent=3856"}],"wp:term":[{"taxonomy":"category","embeddable":true,"href":"http:\/\/ilan.tavsanli.bel.tr\/index.php\/wp-json\/wp\/v2\/categories?post=3856"},{"taxonomy":"post_tag","embeddable":true,"href":"http:\/\/ilan.tavsanli.bel.tr\/index.php\/wp-json\/wp\/v2\/tags?post=3856"}],"curies":[{"name":"wp","href":"https:\/\/api.w.org\/{rel}","templated":true}]}}