{"id":3847,"date":"2022-08-18T08:22:45","date_gmt":"2022-08-18T08:22:45","guid":{"rendered":"http:\/\/ilan.tavsanli.bel.tr\/?p=3847"},"modified":"2022-08-18T08:22:45","modified_gmt":"2022-08-18T08:22:45","slug":"3847","status":"publish","type":"post","link":"http:\/\/ilan.tavsanli.bel.tr\/index.php\/2022\/08\/18\/3847\/","title":{"rendered":""},"content":{"rendered":"\n<p>\u00d6merbey Mahallesi\u2019nden merhum Mustafa Ba\u015fyi\u011fit\u2019in e\u015fi, S\u00fcleyman Ba\u015falan\u2019\u0131n ablas\u0131, Mustafa Ba\u015fyi\u011fit ve Emine Ba\u015f\u2019\u0131n anneleri, Ali Ba\u015f\u2019\u0131n kay\u0131nvalidesi, EM\u0130NE BA\u015eY\u0130\u011e\u0130T vefat etmi\u015ftir. Cenazesi \u00f6\u011fle namaz\u0131n\u0131 m\u00fcteakip \u00d6merbey Mahallesi Mezarl\u0131\u011f\u0131\u2019na defnedilecektir. Merhumeye Allah\u2019tan rahmet ailesi ve yak\u0131nlar\u0131na ba\u015fsa\u011fl\u0131\u011f\u0131 dileriz.<\/p>\n","protected":false},"excerpt":{"rendered":"<p>\u00d6merbey Mahallesi\u2019nden merhum Mustafa Ba\u015fyi\u011fit\u2019in e\u015fi, S\u00fcleyman Ba\u015falan\u2019\u0131n ablas\u0131, Mustafa Ba\u015fyi\u011fit ve Emine Ba\u015f\u2019\u0131n anneleri, Ali Ba\u015f\u2019\u0131n kay\u0131nvalidesi, EM\u0130NE BA\u015eY\u0130\u011e\u0130T vefat etmi\u015ftir. Cenazesi \u00f6\u011fle namaz\u0131n\u0131 m\u00fcteakip \u00d6merbey Mahallesi Mezarl\u0131\u011f\u0131\u2019na defnedilecektir. Merhumeye Allah\u2019tan rahmet ailesi ve yak\u0131nlar\u0131na ba\u015fsa\u011fl\u0131\u011f\u0131 dileriz.<\/p>\n","protected":false},"author":5,"featured_media":0,"comment_status":"closed","ping_status":"","sticky":false,"template":"","format":"standard","meta":[],"categories":[2],"tags":[],"_links":{"self":[{"href":"http:\/\/ilan.tavsanli.bel.tr\/index.php\/wp-json\/wp\/v2\/posts\/3847"}],"collection":[{"href":"http:\/\/ilan.tavsanli.bel.tr\/index.php\/wp-json\/wp\/v2\/posts"}],"about":[{"href":"http:\/\/ilan.tavsanli.bel.tr\/index.php\/wp-json\/wp\/v2\/types\/post"}],"author":[{"embeddable":true,"href":"http:\/\/ilan.tavsanli.bel.tr\/index.php\/wp-json\/wp\/v2\/users\/5"}],"replies":[{"embeddable":true,"href":"http:\/\/ilan.tavsanli.bel.tr\/index.php\/wp-json\/wp\/v2\/comments?post=3847"}],"version-history":[{"count":1,"href":"http:\/\/ilan.tavsanli.bel.tr\/index.php\/wp-json\/wp\/v2\/posts\/3847\/revisions"}],"predecessor-version":[{"id":3848,"href":"http:\/\/ilan.tavsanli.bel.tr\/index.php\/wp-json\/wp\/v2\/posts\/3847\/revisions\/3848"}],"wp:attachment":[{"href":"http:\/\/ilan.tavsanli.bel.tr\/index.php\/wp-json\/wp\/v2\/media?parent=3847"}],"wp:term":[{"taxonomy":"category","embeddable":true,"href":"http:\/\/ilan.tavsanli.bel.tr\/index.php\/wp-json\/wp\/v2\/categories?post=3847"},{"taxonomy":"post_tag","embeddable":true,"href":"http:\/\/ilan.tavsanli.bel.tr\/index.php\/wp-json\/wp\/v2\/tags?post=3847"}],"curies":[{"name":"wp","href":"https:\/\/api.w.org\/{rel}","templated":true}]}}