{"id":3841,"date":"2022-08-17T11:04:28","date_gmt":"2022-08-17T11:04:28","guid":{"rendered":"http:\/\/ilan.tavsanli.bel.tr\/?p=3841"},"modified":"2022-08-17T11:04:28","modified_gmt":"2022-08-17T11:04:28","slug":"3841","status":"publish","type":"post","link":"http:\/\/ilan.tavsanli.bel.tr\/index.php\/2022\/08\/17\/3841\/","title":{"rendered":""},"content":{"rendered":"\n<p>Arifler\u2019den merhum Ali R\u0131za A\u00e7\u0131kg\u00f6z\u2019\u00fcn o\u011flu, Hamza Kaytanc\u0131\u2019n\u0131n damad\u0131, Cemal ve Recep A\u00e7\u0131kg\u00f6z\u2019\u00fcn karde\u015fi, S\u00fcleyman, Ali ve Elif A\u00e7\u0131kg\u00f6z\u2019\u00fcn babalar\u0131, GL\u0130 emekli i\u015f\u00e7ilerinden Elektrik Postaba\u015f\u0131 RAMAZAN A\u00c7IKG\u00d6Z vefat etmi\u015ftir. Cenazesi Ulucami\u2019de k\u0131l\u0131nacak ikindi namaz\u0131n\u0131 m\u00fcteakip Tav\u015fanl\u0131 Mezarl\u0131\u011f\u0131\u2019na defnedilecektir. Merhuma Allah\u2019tan rahmet ailesi ve yak\u0131nlar\u0131na ba\u015fsa\u011fl\u0131\u011f\u0131 dileriz.<\/p>\n","protected":false},"excerpt":{"rendered":"<p>Arifler\u2019den merhum Ali R\u0131za A\u00e7\u0131kg\u00f6z\u2019\u00fcn o\u011flu, Hamza Kaytanc\u0131\u2019n\u0131n damad\u0131, Cemal ve Recep A\u00e7\u0131kg\u00f6z\u2019\u00fcn karde\u015fi, S\u00fcleyman, Ali ve Elif A\u00e7\u0131kg\u00f6z\u2019\u00fcn babalar\u0131, GL\u0130 emekli i\u015f\u00e7ilerinden Elektrik Postaba\u015f\u0131 RAMAZAN A\u00c7IKG\u00d6Z vefat etmi\u015ftir. Cenazesi Ulucami\u2019de k\u0131l\u0131nacak ikindi namaz\u0131n\u0131 m\u00fcteakip Tav\u015fanl\u0131 Mezarl\u0131\u011f\u0131\u2019na defnedilecektir. Merhuma Allah\u2019tan rahmet ailesi ve yak\u0131nlar\u0131na ba\u015fsa\u011fl\u0131\u011f\u0131 dileriz.<\/p>\n","protected":false},"author":5,"featured_media":0,"comment_status":"closed","ping_status":"","sticky":false,"template":"","format":"standard","meta":[],"categories":[2],"tags":[],"_links":{"self":[{"href":"http:\/\/ilan.tavsanli.bel.tr\/index.php\/wp-json\/wp\/v2\/posts\/3841"}],"collection":[{"href":"http:\/\/ilan.tavsanli.bel.tr\/index.php\/wp-json\/wp\/v2\/posts"}],"about":[{"href":"http:\/\/ilan.tavsanli.bel.tr\/index.php\/wp-json\/wp\/v2\/types\/post"}],"author":[{"embeddable":true,"href":"http:\/\/ilan.tavsanli.bel.tr\/index.php\/wp-json\/wp\/v2\/users\/5"}],"replies":[{"embeddable":true,"href":"http:\/\/ilan.tavsanli.bel.tr\/index.php\/wp-json\/wp\/v2\/comments?post=3841"}],"version-history":[{"count":1,"href":"http:\/\/ilan.tavsanli.bel.tr\/index.php\/wp-json\/wp\/v2\/posts\/3841\/revisions"}],"predecessor-version":[{"id":3842,"href":"http:\/\/ilan.tavsanli.bel.tr\/index.php\/wp-json\/wp\/v2\/posts\/3841\/revisions\/3842"}],"wp:attachment":[{"href":"http:\/\/ilan.tavsanli.bel.tr\/index.php\/wp-json\/wp\/v2\/media?parent=3841"}],"wp:term":[{"taxonomy":"category","embeddable":true,"href":"http:\/\/ilan.tavsanli.bel.tr\/index.php\/wp-json\/wp\/v2\/categories?post=3841"},{"taxonomy":"post_tag","embeddable":true,"href":"http:\/\/ilan.tavsanli.bel.tr\/index.php\/wp-json\/wp\/v2\/tags?post=3841"}],"curies":[{"name":"wp","href":"https:\/\/api.w.org\/{rel}","templated":true}]}}