{"id":3837,"date":"2022-08-17T08:38:55","date_gmt":"2022-08-17T08:38:55","guid":{"rendered":"http:\/\/ilan.tavsanli.bel.tr\/?p=3837"},"modified":"2022-08-17T08:38:55","modified_gmt":"2022-08-17T08:38:55","slug":"3837","status":"publish","type":"post","link":"http:\/\/ilan.tavsanli.bel.tr\/index.php\/2022\/08\/17\/3837\/","title":{"rendered":""},"content":{"rendered":"\n<p>Tun\u00e7bilek, G\u00fcra\u011fa\u00e7 Mahallesi\u2019nden merhum Halil \u0130brahim Bursa\u2019n\u0131n o\u011flu, Mehmet Bilgin\u2019in damad\u0131, \u0130smail, Yakup, Muharrem ve Halil \u0130brahim Bursa\u2019n\u0131n babalar\u0131, GL\u0130 ekskavat\u00f6r emekli i\u015f\u00e7ilerinden ADEM BURSA vefat etmi\u015ftir. Cenazesi \u00f6\u011fle namaz\u0131n\u0131 m\u00fcteakip Tun\u00e7bilek, G\u00fcra\u011fa\u00e7 Mahallesi Mezarl\u0131\u011f\u0131\u2019na defnedilecektir. Merhuma Allah\u2019tan rahmet ailesi ve yak\u0131nlar\u0131na ba\u015fsa\u011fl\u0131\u011f\u0131 dileriz.<\/p>\n","protected":false},"excerpt":{"rendered":"<p>Tun\u00e7bilek, G\u00fcra\u011fa\u00e7 Mahallesi\u2019nden merhum Halil \u0130brahim Bursa\u2019n\u0131n o\u011flu, Mehmet Bilgin\u2019in damad\u0131, \u0130smail, Yakup, Muharrem ve Halil \u0130brahim Bursa\u2019n\u0131n babalar\u0131, GL\u0130 ekskavat\u00f6r emekli i\u015f\u00e7ilerinden ADEM BURSA vefat etmi\u015ftir. Cenazesi \u00f6\u011fle namaz\u0131n\u0131 m\u00fcteakip Tun\u00e7bilek, G\u00fcra\u011fa\u00e7 Mahallesi Mezarl\u0131\u011f\u0131\u2019na defnedilecektir. Merhuma Allah\u2019tan rahmet ailesi ve yak\u0131nlar\u0131na ba\u015fsa\u011fl\u0131\u011f\u0131 dileriz.<\/p>\n","protected":false},"author":5,"featured_media":0,"comment_status":"closed","ping_status":"","sticky":false,"template":"","format":"standard","meta":[],"categories":[2],"tags":[],"_links":{"self":[{"href":"http:\/\/ilan.tavsanli.bel.tr\/index.php\/wp-json\/wp\/v2\/posts\/3837"}],"collection":[{"href":"http:\/\/ilan.tavsanli.bel.tr\/index.php\/wp-json\/wp\/v2\/posts"}],"about":[{"href":"http:\/\/ilan.tavsanli.bel.tr\/index.php\/wp-json\/wp\/v2\/types\/post"}],"author":[{"embeddable":true,"href":"http:\/\/ilan.tavsanli.bel.tr\/index.php\/wp-json\/wp\/v2\/users\/5"}],"replies":[{"embeddable":true,"href":"http:\/\/ilan.tavsanli.bel.tr\/index.php\/wp-json\/wp\/v2\/comments?post=3837"}],"version-history":[{"count":1,"href":"http:\/\/ilan.tavsanli.bel.tr\/index.php\/wp-json\/wp\/v2\/posts\/3837\/revisions"}],"predecessor-version":[{"id":3838,"href":"http:\/\/ilan.tavsanli.bel.tr\/index.php\/wp-json\/wp\/v2\/posts\/3837\/revisions\/3838"}],"wp:attachment":[{"href":"http:\/\/ilan.tavsanli.bel.tr\/index.php\/wp-json\/wp\/v2\/media?parent=3837"}],"wp:term":[{"taxonomy":"category","embeddable":true,"href":"http:\/\/ilan.tavsanli.bel.tr\/index.php\/wp-json\/wp\/v2\/categories?post=3837"},{"taxonomy":"post_tag","embeddable":true,"href":"http:\/\/ilan.tavsanli.bel.tr\/index.php\/wp-json\/wp\/v2\/tags?post=3837"}],"curies":[{"name":"wp","href":"https:\/\/api.w.org\/{rel}","templated":true}]}}