{"id":3799,"date":"2022-08-09T08:12:51","date_gmt":"2022-08-09T08:12:51","guid":{"rendered":"http:\/\/ilan.tavsanli.bel.tr\/?p=3799"},"modified":"2022-08-09T08:12:51","modified_gmt":"2022-08-09T08:12:51","slug":"3799","status":"publish","type":"post","link":"http:\/\/ilan.tavsanli.bel.tr\/index.php\/2022\/08\/09\/3799\/","title":{"rendered":""},"content":{"rendered":"\n<p>Bal\u0131k\u00f6y Benah k\u00f6y\u00fcnden Mehmet \u00c7elik\u2019in e\u015fi, Bahriye El\u00e7i\u00e7ek, Bekir ve S\u00fcleyman \u00c7elik\u2019in anneleri, \u015eevket El\u00e7i\u00e7ek\u2019in kay\u0131nvalidesi, AL\u0130ME \u00c7EL\u0130K vefat etmi\u015ftir. Cenazesi \u00f6\u011fle namaz\u0131n\u0131 m\u00fcteakip bal\u0131k\u00f6y benah k\u00f6y\u00fc mezarl\u0131\u011f\u0131na defnedilecektir. Merhumeye Allah\u2019tan rahmet ailesi ve yak\u0131nlar\u0131na ba\u015fsa\u011fl\u0131\u011f\u0131 dileriz.<\/p>\n","protected":false},"excerpt":{"rendered":"<p>Bal\u0131k\u00f6y Benah k\u00f6y\u00fcnden Mehmet \u00c7elik\u2019in e\u015fi, Bahriye El\u00e7i\u00e7ek, Bekir ve S\u00fcleyman \u00c7elik\u2019in anneleri, \u015eevket El\u00e7i\u00e7ek\u2019in kay\u0131nvalidesi, AL\u0130ME \u00c7EL\u0130K vefat etmi\u015ftir. Cenazesi \u00f6\u011fle namaz\u0131n\u0131 m\u00fcteakip bal\u0131k\u00f6y benah k\u00f6y\u00fc mezarl\u0131\u011f\u0131na defnedilecektir. Merhumeye Allah\u2019tan rahmet ailesi ve yak\u0131nlar\u0131na ba\u015fsa\u011fl\u0131\u011f\u0131 dileriz.<\/p>\n","protected":false},"author":5,"featured_media":0,"comment_status":"closed","ping_status":"","sticky":false,"template":"","format":"standard","meta":[],"categories":[2],"tags":[],"_links":{"self":[{"href":"http:\/\/ilan.tavsanli.bel.tr\/index.php\/wp-json\/wp\/v2\/posts\/3799"}],"collection":[{"href":"http:\/\/ilan.tavsanli.bel.tr\/index.php\/wp-json\/wp\/v2\/posts"}],"about":[{"href":"http:\/\/ilan.tavsanli.bel.tr\/index.php\/wp-json\/wp\/v2\/types\/post"}],"author":[{"embeddable":true,"href":"http:\/\/ilan.tavsanli.bel.tr\/index.php\/wp-json\/wp\/v2\/users\/5"}],"replies":[{"embeddable":true,"href":"http:\/\/ilan.tavsanli.bel.tr\/index.php\/wp-json\/wp\/v2\/comments?post=3799"}],"version-history":[{"count":1,"href":"http:\/\/ilan.tavsanli.bel.tr\/index.php\/wp-json\/wp\/v2\/posts\/3799\/revisions"}],"predecessor-version":[{"id":3800,"href":"http:\/\/ilan.tavsanli.bel.tr\/index.php\/wp-json\/wp\/v2\/posts\/3799\/revisions\/3800"}],"wp:attachment":[{"href":"http:\/\/ilan.tavsanli.bel.tr\/index.php\/wp-json\/wp\/v2\/media?parent=3799"}],"wp:term":[{"taxonomy":"category","embeddable":true,"href":"http:\/\/ilan.tavsanli.bel.tr\/index.php\/wp-json\/wp\/v2\/categories?post=3799"},{"taxonomy":"post_tag","embeddable":true,"href":"http:\/\/ilan.tavsanli.bel.tr\/index.php\/wp-json\/wp\/v2\/tags?post=3799"}],"curies":[{"name":"wp","href":"https:\/\/api.w.org\/{rel}","templated":true}]}}