{"id":3795,"date":"2022-08-09T08:12:12","date_gmt":"2022-08-09T08:12:12","guid":{"rendered":"http:\/\/ilan.tavsanli.bel.tr\/?p=3795"},"modified":"2022-08-09T08:12:12","modified_gmt":"2022-08-09T08:12:12","slug":"3795","status":"publish","type":"post","link":"http:\/\/ilan.tavsanli.bel.tr\/index.php\/2022\/08\/09\/3795\/","title":{"rendered":""},"content":{"rendered":"\n<p>Merhum Abidin U\u00e7kan\u2019\u0131n o\u011flu, Abidin U\u00e7kan\u2019\u0131n babas\u0131, \u0130brahim Ayva ve Mehmet Demir\u2019in kay\u0131npederi, \u0130smail, M\u00fccahit U\u00e7kan ve Necmi Darendelio\u011flu\u2019nun kay\u0131nbiraderi, Termik emekli i\u015f\u00e7ilerinden koca usta lakapl\u0131 ZEKER\u0130YA U\u00c7KAN vefat etmi\u015ftir. Cenazesi Ulucamide k\u0131l\u0131nacak \u00f6\u011fle namaz\u0131n\u0131 m\u00fcteakip Tav\u015fanl\u0131 mezarl\u0131\u011f\u0131na defnedilecektir. Merhuma Allah\u2019tan rahmet ailesi ve yak\u0131nlar\u0131na ba\u015fsa\u011fl\u0131\u011f\u0131 dileriz.<\/p>\n","protected":false},"excerpt":{"rendered":"<p>Merhum Abidin U\u00e7kan\u2019\u0131n o\u011flu, Abidin U\u00e7kan\u2019\u0131n babas\u0131, \u0130brahim Ayva ve Mehmet Demir\u2019in kay\u0131npederi, \u0130smail, M\u00fccahit U\u00e7kan ve Necmi Darendelio\u011flu\u2019nun kay\u0131nbiraderi, Termik emekli i\u015f\u00e7ilerinden koca usta lakapl\u0131 ZEKER\u0130YA U\u00c7KAN vefat etmi\u015ftir. Cenazesi Ulucamide k\u0131l\u0131nacak \u00f6\u011fle namaz\u0131n\u0131 m\u00fcteakip Tav\u015fanl\u0131 mezarl\u0131\u011f\u0131na defnedilecektir. Merhuma Allah\u2019tan rahmet ailesi ve yak\u0131nlar\u0131na ba\u015fsa\u011fl\u0131\u011f\u0131 dileriz.<\/p>\n","protected":false},"author":5,"featured_media":0,"comment_status":"closed","ping_status":"","sticky":false,"template":"","format":"standard","meta":[],"categories":[2],"tags":[],"_links":{"self":[{"href":"http:\/\/ilan.tavsanli.bel.tr\/index.php\/wp-json\/wp\/v2\/posts\/3795"}],"collection":[{"href":"http:\/\/ilan.tavsanli.bel.tr\/index.php\/wp-json\/wp\/v2\/posts"}],"about":[{"href":"http:\/\/ilan.tavsanli.bel.tr\/index.php\/wp-json\/wp\/v2\/types\/post"}],"author":[{"embeddable":true,"href":"http:\/\/ilan.tavsanli.bel.tr\/index.php\/wp-json\/wp\/v2\/users\/5"}],"replies":[{"embeddable":true,"href":"http:\/\/ilan.tavsanli.bel.tr\/index.php\/wp-json\/wp\/v2\/comments?post=3795"}],"version-history":[{"count":1,"href":"http:\/\/ilan.tavsanli.bel.tr\/index.php\/wp-json\/wp\/v2\/posts\/3795\/revisions"}],"predecessor-version":[{"id":3796,"href":"http:\/\/ilan.tavsanli.bel.tr\/index.php\/wp-json\/wp\/v2\/posts\/3795\/revisions\/3796"}],"wp:attachment":[{"href":"http:\/\/ilan.tavsanli.bel.tr\/index.php\/wp-json\/wp\/v2\/media?parent=3795"}],"wp:term":[{"taxonomy":"category","embeddable":true,"href":"http:\/\/ilan.tavsanli.bel.tr\/index.php\/wp-json\/wp\/v2\/categories?post=3795"},{"taxonomy":"post_tag","embeddable":true,"href":"http:\/\/ilan.tavsanli.bel.tr\/index.php\/wp-json\/wp\/v2\/tags?post=3795"}],"curies":[{"name":"wp","href":"https:\/\/api.w.org\/{rel}","templated":true}]}}