{"id":3768,"date":"2022-08-05T08:16:08","date_gmt":"2022-08-05T08:16:08","guid":{"rendered":"http:\/\/ilan.tavsanli.bel.tr\/?p=3768"},"modified":"2022-08-05T08:16:08","modified_gmt":"2022-08-05T08:16:08","slug":"3768","status":"publish","type":"post","link":"http:\/\/ilan.tavsanli.bel.tr\/index.php\/2022\/08\/05\/3768\/","title":{"rendered":""},"content":{"rendered":"\n<p>G\u00fcnl\u00fcce k\u00f6y\u00fc \u00e7iftlik mahallesinden merhum Ali Kalmaz\u2019\u0131n o\u011flu, H\u00fcseyin Kalmaz\u2019\u0131n karde\u015fi, \u0130BRAH\u0130M KALMAZ vefat etmi\u015ftir. Cenazesi Cuma namaz\u0131n\u0131 m\u00fcteakip G\u00fcnl\u00fcce k\u00f6y\u00fc mezarl\u0131\u011f\u0131na defnedilecektir. Merhuma Allah\u2019tan rahmet ailesi ve yak\u0131nlar\u0131na ba\u015fsa\u011fl\u0131\u011f\u0131 dileriz.<\/p>\n","protected":false},"excerpt":{"rendered":"<p>G\u00fcnl\u00fcce k\u00f6y\u00fc \u00e7iftlik mahallesinden merhum Ali Kalmaz\u2019\u0131n o\u011flu, H\u00fcseyin Kalmaz\u2019\u0131n karde\u015fi, \u0130BRAH\u0130M KALMAZ vefat etmi\u015ftir. Cenazesi Cuma namaz\u0131n\u0131 m\u00fcteakip G\u00fcnl\u00fcce k\u00f6y\u00fc mezarl\u0131\u011f\u0131na defnedilecektir. Merhuma Allah\u2019tan rahmet ailesi ve yak\u0131nlar\u0131na ba\u015fsa\u011fl\u0131\u011f\u0131 dileriz.<\/p>\n","protected":false},"author":5,"featured_media":0,"comment_status":"closed","ping_status":"","sticky":false,"template":"","format":"standard","meta":[],"categories":[2],"tags":[],"_links":{"self":[{"href":"http:\/\/ilan.tavsanli.bel.tr\/index.php\/wp-json\/wp\/v2\/posts\/3768"}],"collection":[{"href":"http:\/\/ilan.tavsanli.bel.tr\/index.php\/wp-json\/wp\/v2\/posts"}],"about":[{"href":"http:\/\/ilan.tavsanli.bel.tr\/index.php\/wp-json\/wp\/v2\/types\/post"}],"author":[{"embeddable":true,"href":"http:\/\/ilan.tavsanli.bel.tr\/index.php\/wp-json\/wp\/v2\/users\/5"}],"replies":[{"embeddable":true,"href":"http:\/\/ilan.tavsanli.bel.tr\/index.php\/wp-json\/wp\/v2\/comments?post=3768"}],"version-history":[{"count":1,"href":"http:\/\/ilan.tavsanli.bel.tr\/index.php\/wp-json\/wp\/v2\/posts\/3768\/revisions"}],"predecessor-version":[{"id":3769,"href":"http:\/\/ilan.tavsanli.bel.tr\/index.php\/wp-json\/wp\/v2\/posts\/3768\/revisions\/3769"}],"wp:attachment":[{"href":"http:\/\/ilan.tavsanli.bel.tr\/index.php\/wp-json\/wp\/v2\/media?parent=3768"}],"wp:term":[{"taxonomy":"category","embeddable":true,"href":"http:\/\/ilan.tavsanli.bel.tr\/index.php\/wp-json\/wp\/v2\/categories?post=3768"},{"taxonomy":"post_tag","embeddable":true,"href":"http:\/\/ilan.tavsanli.bel.tr\/index.php\/wp-json\/wp\/v2\/tags?post=3768"}],"curies":[{"name":"wp","href":"https:\/\/api.w.org\/{rel}","templated":true}]}}