{"id":3735,"date":"2022-07-24T11:05:18","date_gmt":"2022-07-24T11:05:18","guid":{"rendered":"http:\/\/ilan.tavsanli.bel.tr\/?p=3735"},"modified":"2022-07-24T11:05:18","modified_gmt":"2022-07-24T11:05:18","slug":"3735","status":"publish","type":"post","link":"http:\/\/ilan.tavsanli.bel.tr\/index.php\/2022\/07\/24\/3735\/","title":{"rendered":""},"content":{"rendered":"\n<p>Merkez G\u00f6lc\u00fck k\u00f6y\u00fcnden merhum \u015eevket Ak\u0131n&#8217;n\u0131n e\u015fi, Zeki Ak\u0131n&#8217;\u0131n annesi, H\u00fcseyin Ak\u0131n&#8217;\u0131n ablas\u0131, Re\u015fat Ayd\u0131n&#8217;\u0131n kay\u0131nvalidesi vefat etmi\u015ftir. Cenazesi ikindi namaz\u0131n\u0131 m\u00fcteakip merkez g\u00f6lc\u00fck k\u00f6y\u00fc mezarl\u0131\u011f\u0131na defnedilecektir. Merhumeye Allah&#8217;tan rahmet ailesi ve yak\u0131nlar\u0131na ba\u015f sa\u011fl\u0131\u011f\u0131 dileriz.<\/p>\n","protected":false},"excerpt":{"rendered":"<p>Merkez G\u00f6lc\u00fck k\u00f6y\u00fcnden merhum \u015eevket Ak\u0131n&#8217;n\u0131n e\u015fi, Zeki Ak\u0131n&#8217;\u0131n annesi, H\u00fcseyin Ak\u0131n&#8217;\u0131n ablas\u0131, Re\u015fat Ayd\u0131n&#8217;\u0131n kay\u0131nvalidesi vefat etmi\u015ftir. Cenazesi ikindi namaz\u0131n\u0131 m\u00fcteakip merkez g\u00f6lc\u00fck k\u00f6y\u00fc mezarl\u0131\u011f\u0131na defnedilecektir. Merhumeye Allah&#8217;tan rahmet ailesi ve yak\u0131nlar\u0131na ba\u015f sa\u011fl\u0131\u011f\u0131 dileriz.<\/p>\n","protected":false},"author":5,"featured_media":0,"comment_status":"closed","ping_status":"","sticky":false,"template":"","format":"standard","meta":[],"categories":[2],"tags":[],"_links":{"self":[{"href":"http:\/\/ilan.tavsanli.bel.tr\/index.php\/wp-json\/wp\/v2\/posts\/3735"}],"collection":[{"href":"http:\/\/ilan.tavsanli.bel.tr\/index.php\/wp-json\/wp\/v2\/posts"}],"about":[{"href":"http:\/\/ilan.tavsanli.bel.tr\/index.php\/wp-json\/wp\/v2\/types\/post"}],"author":[{"embeddable":true,"href":"http:\/\/ilan.tavsanli.bel.tr\/index.php\/wp-json\/wp\/v2\/users\/5"}],"replies":[{"embeddable":true,"href":"http:\/\/ilan.tavsanli.bel.tr\/index.php\/wp-json\/wp\/v2\/comments?post=3735"}],"version-history":[{"count":1,"href":"http:\/\/ilan.tavsanli.bel.tr\/index.php\/wp-json\/wp\/v2\/posts\/3735\/revisions"}],"predecessor-version":[{"id":3736,"href":"http:\/\/ilan.tavsanli.bel.tr\/index.php\/wp-json\/wp\/v2\/posts\/3735\/revisions\/3736"}],"wp:attachment":[{"href":"http:\/\/ilan.tavsanli.bel.tr\/index.php\/wp-json\/wp\/v2\/media?parent=3735"}],"wp:term":[{"taxonomy":"category","embeddable":true,"href":"http:\/\/ilan.tavsanli.bel.tr\/index.php\/wp-json\/wp\/v2\/categories?post=3735"},{"taxonomy":"post_tag","embeddable":true,"href":"http:\/\/ilan.tavsanli.bel.tr\/index.php\/wp-json\/wp\/v2\/tags?post=3735"}],"curies":[{"name":"wp","href":"https:\/\/api.w.org\/{rel}","templated":true}]}}