{"id":3733,"date":"2022-07-23T10:33:02","date_gmt":"2022-07-23T10:33:02","guid":{"rendered":"http:\/\/ilan.tavsanli.bel.tr\/?p=3733"},"modified":"2022-07-23T10:33:02","modified_gmt":"2022-07-23T10:33:02","slug":"3733","status":"publish","type":"post","link":"http:\/\/ilan.tavsanli.bel.tr\/index.php\/2022\/07\/23\/3733\/","title":{"rendered":""},"content":{"rendered":"\n<p>\u00c7ardakl\u0131 Mahallesi\u2019nden Nurten Sipahi\u2019nin e\u015fi, \u00dcmm\u00fchan Ayd\u0131n, Reyhan Korkmaz, Aynur ve Halime M\u00fcr\u00fcvvet Sipahi\u2019nin babalar\u0131, Kesimci HAL\u0130T S\u0130PAH\u0130 vefat etmi\u015ftir. Cenazesi \u00f6gle namaz\u0131n\u0131 m\u00fcteakip \u00c7ardakl\u0131 Mahallesi Mezarl\u0131\u011f\u0131\u2019na defnedilecektir. Merhuma Allah\u2019tan rahmet ailesi ve yak\u0131nlar\u0131na ba\u015fsa\u011fl\u0131\u011f\u0131 dileriz.<\/p>\n","protected":false},"excerpt":{"rendered":"<p>\u00c7ardakl\u0131 Mahallesi\u2019nden Nurten Sipahi\u2019nin e\u015fi, \u00dcmm\u00fchan Ayd\u0131n, Reyhan Korkmaz, Aynur ve Halime M\u00fcr\u00fcvvet Sipahi\u2019nin babalar\u0131, Kesimci HAL\u0130T S\u0130PAH\u0130 vefat etmi\u015ftir. Cenazesi \u00f6gle namaz\u0131n\u0131 m\u00fcteakip \u00c7ardakl\u0131 Mahallesi Mezarl\u0131\u011f\u0131\u2019na defnedilecektir. Merhuma Allah\u2019tan rahmet ailesi ve yak\u0131nlar\u0131na ba\u015fsa\u011fl\u0131\u011f\u0131 dileriz.<\/p>\n","protected":false},"author":5,"featured_media":0,"comment_status":"closed","ping_status":"","sticky":false,"template":"","format":"standard","meta":[],"categories":[2],"tags":[],"_links":{"self":[{"href":"http:\/\/ilan.tavsanli.bel.tr\/index.php\/wp-json\/wp\/v2\/posts\/3733"}],"collection":[{"href":"http:\/\/ilan.tavsanli.bel.tr\/index.php\/wp-json\/wp\/v2\/posts"}],"about":[{"href":"http:\/\/ilan.tavsanli.bel.tr\/index.php\/wp-json\/wp\/v2\/types\/post"}],"author":[{"embeddable":true,"href":"http:\/\/ilan.tavsanli.bel.tr\/index.php\/wp-json\/wp\/v2\/users\/5"}],"replies":[{"embeddable":true,"href":"http:\/\/ilan.tavsanli.bel.tr\/index.php\/wp-json\/wp\/v2\/comments?post=3733"}],"version-history":[{"count":1,"href":"http:\/\/ilan.tavsanli.bel.tr\/index.php\/wp-json\/wp\/v2\/posts\/3733\/revisions"}],"predecessor-version":[{"id":3734,"href":"http:\/\/ilan.tavsanli.bel.tr\/index.php\/wp-json\/wp\/v2\/posts\/3733\/revisions\/3734"}],"wp:attachment":[{"href":"http:\/\/ilan.tavsanli.bel.tr\/index.php\/wp-json\/wp\/v2\/media?parent=3733"}],"wp:term":[{"taxonomy":"category","embeddable":true,"href":"http:\/\/ilan.tavsanli.bel.tr\/index.php\/wp-json\/wp\/v2\/categories?post=3733"},{"taxonomy":"post_tag","embeddable":true,"href":"http:\/\/ilan.tavsanli.bel.tr\/index.php\/wp-json\/wp\/v2\/tags?post=3733"}],"curies":[{"name":"wp","href":"https:\/\/api.w.org\/{rel}","templated":true}]}}