{"id":3729,"date":"2022-07-22T08:16:32","date_gmt":"2022-07-22T08:16:32","guid":{"rendered":"http:\/\/ilan.tavsanli.bel.tr\/?p=3729"},"modified":"2022-07-22T08:16:32","modified_gmt":"2022-07-22T08:16:32","slug":"3729","status":"publish","type":"post","link":"http:\/\/ilan.tavsanli.bel.tr\/index.php\/2022\/07\/22\/3729\/","title":{"rendered":""},"content":{"rendered":"\n<p>Bal\u0131k\u00f6y Benah k\u00f6y\u00fcnden Fadime ve \u015eakir Elald\u0131\u2019n\u0131n o\u011flu, S\u00fcleyman, Emin, Mehmet ve Hasan Elald\u0131\u2019n\u0131n a\u011fabeyi, AL\u0130 RIZA ELALDI vefat etmi\u015ftir. Cenazesi Hakk\u0131 Onba\u015f\u0131 Camisinde k\u0131l\u0131nacak Cuma namaz\u0131n\u0131 m\u00fcteakip yeni yaylac\u0131k mezarl\u0131\u011f\u0131na defnedilecektir. Merhuma Allah&#8217;tan rahmet ailesi ve yak\u0131nlar\u0131na ba\u015fsa\u011fl\u0131\u011f\u0131 dileriz.<\/p>\n","protected":false},"excerpt":{"rendered":"<p>Bal\u0131k\u00f6y Benah k\u00f6y\u00fcnden Fadime ve \u015eakir Elald\u0131\u2019n\u0131n o\u011flu, S\u00fcleyman, Emin, Mehmet ve Hasan Elald\u0131\u2019n\u0131n a\u011fabeyi, AL\u0130 RIZA ELALDI vefat etmi\u015ftir. Cenazesi Hakk\u0131 Onba\u015f\u0131 Camisinde k\u0131l\u0131nacak Cuma namaz\u0131n\u0131 m\u00fcteakip yeni yaylac\u0131k mezarl\u0131\u011f\u0131na defnedilecektir. Merhuma Allah&#8217;tan rahmet ailesi ve yak\u0131nlar\u0131na ba\u015fsa\u011fl\u0131\u011f\u0131 dileriz.<\/p>\n","protected":false},"author":5,"featured_media":0,"comment_status":"closed","ping_status":"","sticky":false,"template":"","format":"standard","meta":[],"categories":[2],"tags":[],"_links":{"self":[{"href":"http:\/\/ilan.tavsanli.bel.tr\/index.php\/wp-json\/wp\/v2\/posts\/3729"}],"collection":[{"href":"http:\/\/ilan.tavsanli.bel.tr\/index.php\/wp-json\/wp\/v2\/posts"}],"about":[{"href":"http:\/\/ilan.tavsanli.bel.tr\/index.php\/wp-json\/wp\/v2\/types\/post"}],"author":[{"embeddable":true,"href":"http:\/\/ilan.tavsanli.bel.tr\/index.php\/wp-json\/wp\/v2\/users\/5"}],"replies":[{"embeddable":true,"href":"http:\/\/ilan.tavsanli.bel.tr\/index.php\/wp-json\/wp\/v2\/comments?post=3729"}],"version-history":[{"count":1,"href":"http:\/\/ilan.tavsanli.bel.tr\/index.php\/wp-json\/wp\/v2\/posts\/3729\/revisions"}],"predecessor-version":[{"id":3730,"href":"http:\/\/ilan.tavsanli.bel.tr\/index.php\/wp-json\/wp\/v2\/posts\/3729\/revisions\/3730"}],"wp:attachment":[{"href":"http:\/\/ilan.tavsanli.bel.tr\/index.php\/wp-json\/wp\/v2\/media?parent=3729"}],"wp:term":[{"taxonomy":"category","embeddable":true,"href":"http:\/\/ilan.tavsanli.bel.tr\/index.php\/wp-json\/wp\/v2\/categories?post=3729"},{"taxonomy":"post_tag","embeddable":true,"href":"http:\/\/ilan.tavsanli.bel.tr\/index.php\/wp-json\/wp\/v2\/tags?post=3729"}],"curies":[{"name":"wp","href":"https:\/\/api.w.org\/{rel}","templated":true}]}}