{"id":3727,"date":"2022-07-21T11:26:53","date_gmt":"2022-07-21T11:26:53","guid":{"rendered":"http:\/\/ilan.tavsanli.bel.tr\/?p=3727"},"modified":"2022-07-21T11:26:53","modified_gmt":"2022-07-21T11:26:53","slug":"3727","status":"publish","type":"post","link":"http:\/\/ilan.tavsanli.bel.tr\/index.php\/2022\/07\/21\/3727\/","title":{"rendered":""},"content":{"rendered":"\n<p>Bal\u0131k\u00f6y \u00c7obanlar k\u00f6y\u00fcnden Mehmet Din\u00e7er\u2019in e\u015fi, Ramazan Din\u00e7er\u2019in annesi, Osman G\u00fcrsoy, Nihat Din\u00e7er ve Ali Ko\u00e7\u2019un kay\u0131nvalidesi, FATMA D\u0130N\u00c7ER vefat etmi\u015ftir. Cenazesi ikindi namaz\u0131n\u0131 m\u00fcteakip Bal\u0131k\u00f6y \u00c7obanlar k\u00f6y\u00fc mezarl\u0131\u011f\u0131na defnedilecektir. Merhumeye Allah\u2019tan rahmet ailesi ve yak\u0131nlar\u0131na ba\u015fsa\u011fl\u0131\u011f\u0131 dileriz.<\/p>\n","protected":false},"excerpt":{"rendered":"<p>Bal\u0131k\u00f6y \u00c7obanlar k\u00f6y\u00fcnden Mehmet Din\u00e7er\u2019in e\u015fi, Ramazan Din\u00e7er\u2019in annesi, Osman G\u00fcrsoy, Nihat Din\u00e7er ve Ali Ko\u00e7\u2019un kay\u0131nvalidesi, FATMA D\u0130N\u00c7ER vefat etmi\u015ftir. Cenazesi ikindi namaz\u0131n\u0131 m\u00fcteakip Bal\u0131k\u00f6y \u00c7obanlar k\u00f6y\u00fc mezarl\u0131\u011f\u0131na defnedilecektir. Merhumeye Allah\u2019tan rahmet ailesi ve yak\u0131nlar\u0131na ba\u015fsa\u011fl\u0131\u011f\u0131 dileriz.<\/p>\n","protected":false},"author":5,"featured_media":0,"comment_status":"closed","ping_status":"","sticky":false,"template":"","format":"standard","meta":[],"categories":[2],"tags":[],"_links":{"self":[{"href":"http:\/\/ilan.tavsanli.bel.tr\/index.php\/wp-json\/wp\/v2\/posts\/3727"}],"collection":[{"href":"http:\/\/ilan.tavsanli.bel.tr\/index.php\/wp-json\/wp\/v2\/posts"}],"about":[{"href":"http:\/\/ilan.tavsanli.bel.tr\/index.php\/wp-json\/wp\/v2\/types\/post"}],"author":[{"embeddable":true,"href":"http:\/\/ilan.tavsanli.bel.tr\/index.php\/wp-json\/wp\/v2\/users\/5"}],"replies":[{"embeddable":true,"href":"http:\/\/ilan.tavsanli.bel.tr\/index.php\/wp-json\/wp\/v2\/comments?post=3727"}],"version-history":[{"count":1,"href":"http:\/\/ilan.tavsanli.bel.tr\/index.php\/wp-json\/wp\/v2\/posts\/3727\/revisions"}],"predecessor-version":[{"id":3728,"href":"http:\/\/ilan.tavsanli.bel.tr\/index.php\/wp-json\/wp\/v2\/posts\/3727\/revisions\/3728"}],"wp:attachment":[{"href":"http:\/\/ilan.tavsanli.bel.tr\/index.php\/wp-json\/wp\/v2\/media?parent=3727"}],"wp:term":[{"taxonomy":"category","embeddable":true,"href":"http:\/\/ilan.tavsanli.bel.tr\/index.php\/wp-json\/wp\/v2\/categories?post=3727"},{"taxonomy":"post_tag","embeddable":true,"href":"http:\/\/ilan.tavsanli.bel.tr\/index.php\/wp-json\/wp\/v2\/tags?post=3727"}],"curies":[{"name":"wp","href":"https:\/\/api.w.org\/{rel}","templated":true}]}}