{"id":3705,"date":"2022-07-16T08:07:52","date_gmt":"2022-07-16T08:07:52","guid":{"rendered":"http:\/\/ilan.tavsanli.bel.tr\/?p=3705"},"modified":"2022-07-16T08:07:52","modified_gmt":"2022-07-16T08:07:52","slug":"3705","status":"publish","type":"post","link":"http:\/\/ilan.tavsanli.bel.tr\/index.php\/2022\/07\/16\/3705\/","title":{"rendered":""},"content":{"rendered":"\n<p>Merhum Mehmet G\u00f6\u00e7eri&#8217;nin o\u011flu, Veli, \u00dcmmet ve merhum H\u00fcseyin G\u00f6\u00e7eri&#8217;nin karde\u015fi, \u0130rfan ve Ya\u015far G\u00f6\u00e7eri&#8217;nin babalar\u0131, Hasan Bozo\u011flu ve Merhum Veli Davarc\u0131&#8217;n\u0131n kay\u0131npederi, Karak\u00f6se MUSTAFA G\u00d6\u00c7ER\u0130 vefat etmi\u015ftir. Cenazesi Da\u011f\u00e7e\u015fme camisinde k\u0131l\u0131nacak \u00f6\u011fle namaz\u0131n\u0131 m\u00fcteakip Da\u011f\u00e7e\u015fme mahallesi mezarl\u0131\u011f\u0131na defnedilecektir. Merhuma Allah&#8217;tan rahmet ailesi ve yak\u0131nlar\u0131na ba\u015f sa\u011fl\u0131\u011f\u0131 dileriz.<\/p>\n","protected":false},"excerpt":{"rendered":"<p>Merhum Mehmet G\u00f6\u00e7eri&#8217;nin o\u011flu, Veli, \u00dcmmet ve merhum H\u00fcseyin G\u00f6\u00e7eri&#8217;nin karde\u015fi, \u0130rfan ve Ya\u015far G\u00f6\u00e7eri&#8217;nin babalar\u0131, Hasan Bozo\u011flu ve Merhum Veli Davarc\u0131&#8217;n\u0131n kay\u0131npederi, Karak\u00f6se MUSTAFA G\u00d6\u00c7ER\u0130 vefat etmi\u015ftir. Cenazesi Da\u011f\u00e7e\u015fme camisinde k\u0131l\u0131nacak \u00f6\u011fle namaz\u0131n\u0131 m\u00fcteakip Da\u011f\u00e7e\u015fme mahallesi mezarl\u0131\u011f\u0131na defnedilecektir. Merhuma Allah&#8217;tan rahmet ailesi ve yak\u0131nlar\u0131na ba\u015f sa\u011fl\u0131\u011f\u0131 dileriz.<\/p>\n","protected":false},"author":5,"featured_media":0,"comment_status":"closed","ping_status":"","sticky":false,"template":"","format":"standard","meta":[],"categories":[2],"tags":[],"_links":{"self":[{"href":"http:\/\/ilan.tavsanli.bel.tr\/index.php\/wp-json\/wp\/v2\/posts\/3705"}],"collection":[{"href":"http:\/\/ilan.tavsanli.bel.tr\/index.php\/wp-json\/wp\/v2\/posts"}],"about":[{"href":"http:\/\/ilan.tavsanli.bel.tr\/index.php\/wp-json\/wp\/v2\/types\/post"}],"author":[{"embeddable":true,"href":"http:\/\/ilan.tavsanli.bel.tr\/index.php\/wp-json\/wp\/v2\/users\/5"}],"replies":[{"embeddable":true,"href":"http:\/\/ilan.tavsanli.bel.tr\/index.php\/wp-json\/wp\/v2\/comments?post=3705"}],"version-history":[{"count":1,"href":"http:\/\/ilan.tavsanli.bel.tr\/index.php\/wp-json\/wp\/v2\/posts\/3705\/revisions"}],"predecessor-version":[{"id":3706,"href":"http:\/\/ilan.tavsanli.bel.tr\/index.php\/wp-json\/wp\/v2\/posts\/3705\/revisions\/3706"}],"wp:attachment":[{"href":"http:\/\/ilan.tavsanli.bel.tr\/index.php\/wp-json\/wp\/v2\/media?parent=3705"}],"wp:term":[{"taxonomy":"category","embeddable":true,"href":"http:\/\/ilan.tavsanli.bel.tr\/index.php\/wp-json\/wp\/v2\/categories?post=3705"},{"taxonomy":"post_tag","embeddable":true,"href":"http:\/\/ilan.tavsanli.bel.tr\/index.php\/wp-json\/wp\/v2\/tags?post=3705"}],"curies":[{"name":"wp","href":"https:\/\/api.w.org\/{rel}","templated":true}]}}