{"id":3703,"date":"2022-07-14T13:54:57","date_gmt":"2022-07-14T13:54:57","guid":{"rendered":"http:\/\/ilan.tavsanli.bel.tr\/?p=3703"},"modified":"2022-07-14T13:54:57","modified_gmt":"2022-07-14T13:54:57","slug":"3703","status":"publish","type":"post","link":"http:\/\/ilan.tavsanli.bel.tr\/index.php\/2022\/07\/14\/3703\/","title":{"rendered":""},"content":{"rendered":"\n<p>Ak\u00e7a\u015fehir  k\u00f6y\u00fcnden Hasan Ko\u00e7&#8217;un e\u015fi, Recep, \u0130brahim ve Ya\u015far Ko\u00e7&#8217;un anneleri NEZ\u0130RE KO\u00c7 vefat etmi\u015ftir. Cenazesi saat 12.00&#8217;da Ak\u00e7a\u015fehir k\u00f6y\u00fc mezarl\u0131\u011f\u0131na defnedilecektir. Merhumeye Allah&#8217;tan rahmet ailesi ve yak\u0131nlar\u0131na ba\u015fsa\u011fl\u0131\u011f\u0131 dileriz.<\/p>\n","protected":false},"excerpt":{"rendered":"<p>Ak\u00e7a\u015fehir k\u00f6y\u00fcnden Hasan Ko\u00e7&#8217;un e\u015fi, Recep, \u0130brahim ve Ya\u015far Ko\u00e7&#8217;un anneleri NEZ\u0130RE KO\u00c7 vefat etmi\u015ftir. Cenazesi saat 12.00&#8217;da Ak\u00e7a\u015fehir k\u00f6y\u00fc mezarl\u0131\u011f\u0131na defnedilecektir. Merhumeye Allah&#8217;tan rahmet ailesi ve yak\u0131nlar\u0131na ba\u015fsa\u011fl\u0131\u011f\u0131 dileriz.<\/p>\n","protected":false},"author":5,"featured_media":0,"comment_status":"closed","ping_status":"","sticky":false,"template":"","format":"standard","meta":[],"categories":[2],"tags":[],"_links":{"self":[{"href":"http:\/\/ilan.tavsanli.bel.tr\/index.php\/wp-json\/wp\/v2\/posts\/3703"}],"collection":[{"href":"http:\/\/ilan.tavsanli.bel.tr\/index.php\/wp-json\/wp\/v2\/posts"}],"about":[{"href":"http:\/\/ilan.tavsanli.bel.tr\/index.php\/wp-json\/wp\/v2\/types\/post"}],"author":[{"embeddable":true,"href":"http:\/\/ilan.tavsanli.bel.tr\/index.php\/wp-json\/wp\/v2\/users\/5"}],"replies":[{"embeddable":true,"href":"http:\/\/ilan.tavsanli.bel.tr\/index.php\/wp-json\/wp\/v2\/comments?post=3703"}],"version-history":[{"count":1,"href":"http:\/\/ilan.tavsanli.bel.tr\/index.php\/wp-json\/wp\/v2\/posts\/3703\/revisions"}],"predecessor-version":[{"id":3704,"href":"http:\/\/ilan.tavsanli.bel.tr\/index.php\/wp-json\/wp\/v2\/posts\/3703\/revisions\/3704"}],"wp:attachment":[{"href":"http:\/\/ilan.tavsanli.bel.tr\/index.php\/wp-json\/wp\/v2\/media?parent=3703"}],"wp:term":[{"taxonomy":"category","embeddable":true,"href":"http:\/\/ilan.tavsanli.bel.tr\/index.php\/wp-json\/wp\/v2\/categories?post=3703"},{"taxonomy":"post_tag","embeddable":true,"href":"http:\/\/ilan.tavsanli.bel.tr\/index.php\/wp-json\/wp\/v2\/tags?post=3703"}],"curies":[{"name":"wp","href":"https:\/\/api.w.org\/{rel}","templated":true}]}}