{"id":3697,"date":"2022-07-13T08:20:25","date_gmt":"2022-07-13T08:20:25","guid":{"rendered":"http:\/\/ilan.tavsanli.bel.tr\/?p=3697"},"modified":"2022-07-13T08:20:25","modified_gmt":"2022-07-13T08:20:25","slug":"3697","status":"publish","type":"post","link":"http:\/\/ilan.tavsanli.bel.tr\/index.php\/2022\/07\/13\/3697\/","title":{"rendered":""},"content":{"rendered":"\n<p>Ayval\u0131 k\u00f6y\u00fcnden Ahmet \u00d6zl\u00fc\u2019n\u00fcn annesi, Mehmet Ali Atay ve Fatma Din\u00e7\u2019in karde\u015fi HAT\u0130CE \u00d6ZL\u00dc vefat etmi\u015ftir. Cenazesi \u00f6\u011fle namaz\u0131n\u0131 m\u00fcteakip Ayval\u0131 k\u00f6y\u00fc Mezarl\u0131\u011f\u0131\u2019na defnedilecektir. Merhumeye Allah\u2019tan rahmet ailesi ve yak\u0131nlar\u0131na ba\u015fsa\u011fl\u0131\u011f\u0131 dileriz.<\/p>\n","protected":false},"excerpt":{"rendered":"<p>Ayval\u0131 k\u00f6y\u00fcnden Ahmet \u00d6zl\u00fc\u2019n\u00fcn annesi, Mehmet Ali Atay ve Fatma Din\u00e7\u2019in karde\u015fi HAT\u0130CE \u00d6ZL\u00dc vefat etmi\u015ftir. Cenazesi \u00f6\u011fle namaz\u0131n\u0131 m\u00fcteakip Ayval\u0131 k\u00f6y\u00fc Mezarl\u0131\u011f\u0131\u2019na defnedilecektir. Merhumeye Allah\u2019tan rahmet ailesi ve yak\u0131nlar\u0131na ba\u015fsa\u011fl\u0131\u011f\u0131 dileriz.<\/p>\n","protected":false},"author":5,"featured_media":0,"comment_status":"closed","ping_status":"","sticky":false,"template":"","format":"standard","meta":[],"categories":[2],"tags":[],"_links":{"self":[{"href":"http:\/\/ilan.tavsanli.bel.tr\/index.php\/wp-json\/wp\/v2\/posts\/3697"}],"collection":[{"href":"http:\/\/ilan.tavsanli.bel.tr\/index.php\/wp-json\/wp\/v2\/posts"}],"about":[{"href":"http:\/\/ilan.tavsanli.bel.tr\/index.php\/wp-json\/wp\/v2\/types\/post"}],"author":[{"embeddable":true,"href":"http:\/\/ilan.tavsanli.bel.tr\/index.php\/wp-json\/wp\/v2\/users\/5"}],"replies":[{"embeddable":true,"href":"http:\/\/ilan.tavsanli.bel.tr\/index.php\/wp-json\/wp\/v2\/comments?post=3697"}],"version-history":[{"count":1,"href":"http:\/\/ilan.tavsanli.bel.tr\/index.php\/wp-json\/wp\/v2\/posts\/3697\/revisions"}],"predecessor-version":[{"id":3698,"href":"http:\/\/ilan.tavsanli.bel.tr\/index.php\/wp-json\/wp\/v2\/posts\/3697\/revisions\/3698"}],"wp:attachment":[{"href":"http:\/\/ilan.tavsanli.bel.tr\/index.php\/wp-json\/wp\/v2\/media?parent=3697"}],"wp:term":[{"taxonomy":"category","embeddable":true,"href":"http:\/\/ilan.tavsanli.bel.tr\/index.php\/wp-json\/wp\/v2\/categories?post=3697"},{"taxonomy":"post_tag","embeddable":true,"href":"http:\/\/ilan.tavsanli.bel.tr\/index.php\/wp-json\/wp\/v2\/tags?post=3697"}],"curies":[{"name":"wp","href":"https:\/\/api.w.org\/{rel}","templated":true}]}}