{"id":3689,"date":"2022-07-10T09:52:10","date_gmt":"2022-07-10T09:52:10","guid":{"rendered":"http:\/\/ilan.tavsanli.bel.tr\/?p=3689"},"modified":"2022-07-10T09:52:10","modified_gmt":"2022-07-10T09:52:10","slug":"3689","status":"publish","type":"post","link":"http:\/\/ilan.tavsanli.bel.tr\/index.php\/2022\/07\/10\/3689\/","title":{"rendered":""},"content":{"rendered":"\n<p>\u00c7ukurk\u00f6y Mahallesinden Merhum Mehmet D\u00f6nmez&#8217;in damad\u0131, Ahmet Akan&#8217;\u0131n babas\u0131, \u0130brahim Ya\u015fa ve \u0130smail Kaplan&#8217;\u0131n kay\u0131npederi, Termik emekli i\u015f\u00e7ilerinden SABAHATT\u0130N AKAN vefat etmi\u015ftir. Cenazesi \u00c7ukurk\u00f6y merkez camisinde k\u0131l\u0131nacak \u00f6\u011fle namaz\u0131n\u0131 m\u00fcteakip \u00c7ukurk\u00f6y Mahallesi mezarl\u0131\u011f\u0131na defnedilecektir. Merhuma Allah&#8217;tan rahmet ailesi ve yak\u0131nlar\u0131na ba\u015f sa\u011fl\u0131\u011f\u0131 dileriz.<\/p>\n","protected":false},"excerpt":{"rendered":"<p>\u00c7ukurk\u00f6y Mahallesinden Merhum Mehmet D\u00f6nmez&#8217;in damad\u0131, Ahmet Akan&#8217;\u0131n babas\u0131, \u0130brahim Ya\u015fa ve \u0130smail Kaplan&#8217;\u0131n kay\u0131npederi, Termik emekli i\u015f\u00e7ilerinden SABAHATT\u0130N AKAN vefat etmi\u015ftir. Cenazesi \u00c7ukurk\u00f6y merkez camisinde k\u0131l\u0131nacak \u00f6\u011fle namaz\u0131n\u0131 m\u00fcteakip \u00c7ukurk\u00f6y Mahallesi mezarl\u0131\u011f\u0131na defnedilecektir. Merhuma Allah&#8217;tan rahmet ailesi ve yak\u0131nlar\u0131na ba\u015f sa\u011fl\u0131\u011f\u0131 dileriz.<\/p>\n","protected":false},"author":5,"featured_media":0,"comment_status":"closed","ping_status":"","sticky":false,"template":"","format":"standard","meta":[],"categories":[2],"tags":[],"_links":{"self":[{"href":"http:\/\/ilan.tavsanli.bel.tr\/index.php\/wp-json\/wp\/v2\/posts\/3689"}],"collection":[{"href":"http:\/\/ilan.tavsanli.bel.tr\/index.php\/wp-json\/wp\/v2\/posts"}],"about":[{"href":"http:\/\/ilan.tavsanli.bel.tr\/index.php\/wp-json\/wp\/v2\/types\/post"}],"author":[{"embeddable":true,"href":"http:\/\/ilan.tavsanli.bel.tr\/index.php\/wp-json\/wp\/v2\/users\/5"}],"replies":[{"embeddable":true,"href":"http:\/\/ilan.tavsanli.bel.tr\/index.php\/wp-json\/wp\/v2\/comments?post=3689"}],"version-history":[{"count":1,"href":"http:\/\/ilan.tavsanli.bel.tr\/index.php\/wp-json\/wp\/v2\/posts\/3689\/revisions"}],"predecessor-version":[{"id":3690,"href":"http:\/\/ilan.tavsanli.bel.tr\/index.php\/wp-json\/wp\/v2\/posts\/3689\/revisions\/3690"}],"wp:attachment":[{"href":"http:\/\/ilan.tavsanli.bel.tr\/index.php\/wp-json\/wp\/v2\/media?parent=3689"}],"wp:term":[{"taxonomy":"category","embeddable":true,"href":"http:\/\/ilan.tavsanli.bel.tr\/index.php\/wp-json\/wp\/v2\/categories?post=3689"},{"taxonomy":"post_tag","embeddable":true,"href":"http:\/\/ilan.tavsanli.bel.tr\/index.php\/wp-json\/wp\/v2\/tags?post=3689"}],"curies":[{"name":"wp","href":"https:\/\/api.w.org\/{rel}","templated":true}]}}