{"id":3687,"date":"2022-07-10T09:51:04","date_gmt":"2022-07-10T09:51:04","guid":{"rendered":"http:\/\/ilan.tavsanli.bel.tr\/?p=3687"},"modified":"2022-07-10T09:51:04","modified_gmt":"2022-07-10T09:51:04","slug":"3687","status":"publish","type":"post","link":"http:\/\/ilan.tavsanli.bel.tr\/index.php\/2022\/07\/10\/3687\/","title":{"rendered":""},"content":{"rendered":"\n<p>Zonguldak Devrek T\u00fcrkmeno\u011flu k\u00f6y\u00fcnden \u015eerife Hat\u0131lo\u011flu&#8217;nun e\u015fi, Serdar, Tu\u011f\u00e7e ve Melike Hat\u0131lo\u011flu&#8217;nun babalar\u0131, \u0130BRAH\u0130M HATILO\u011eLU vefat etmi\u015ftir. Cenazesi \u00d6\u011fle namaz\u0131n\u0131 m\u00fcteakip Zonguldak Devrek T\u00fcrkmeno\u011flu k\u00f6y\u00fc mezarl\u0131\u011f\u0131na defnedilecektir. Merhuma Allah&#8217;tan rahmet ailesi ve yak\u0131nlar\u0131na ba\u015f sa\u011fl\u0131\u011f\u0131 dileriiz.<\/p>\n","protected":false},"excerpt":{"rendered":"<p>Zonguldak Devrek T\u00fcrkmeno\u011flu k\u00f6y\u00fcnden \u015eerife Hat\u0131lo\u011flu&#8217;nun e\u015fi, Serdar, Tu\u011f\u00e7e ve Melike Hat\u0131lo\u011flu&#8217;nun babalar\u0131, \u0130BRAH\u0130M HATILO\u011eLU vefat etmi\u015ftir. Cenazesi \u00d6\u011fle namaz\u0131n\u0131 m\u00fcteakip Zonguldak Devrek T\u00fcrkmeno\u011flu k\u00f6y\u00fc mezarl\u0131\u011f\u0131na defnedilecektir. Merhuma Allah&#8217;tan rahmet ailesi ve yak\u0131nlar\u0131na ba\u015f sa\u011fl\u0131\u011f\u0131 dileriiz.<\/p>\n","protected":false},"author":5,"featured_media":0,"comment_status":"closed","ping_status":"","sticky":false,"template":"","format":"standard","meta":[],"categories":[2],"tags":[],"_links":{"self":[{"href":"http:\/\/ilan.tavsanli.bel.tr\/index.php\/wp-json\/wp\/v2\/posts\/3687"}],"collection":[{"href":"http:\/\/ilan.tavsanli.bel.tr\/index.php\/wp-json\/wp\/v2\/posts"}],"about":[{"href":"http:\/\/ilan.tavsanli.bel.tr\/index.php\/wp-json\/wp\/v2\/types\/post"}],"author":[{"embeddable":true,"href":"http:\/\/ilan.tavsanli.bel.tr\/index.php\/wp-json\/wp\/v2\/users\/5"}],"replies":[{"embeddable":true,"href":"http:\/\/ilan.tavsanli.bel.tr\/index.php\/wp-json\/wp\/v2\/comments?post=3687"}],"version-history":[{"count":1,"href":"http:\/\/ilan.tavsanli.bel.tr\/index.php\/wp-json\/wp\/v2\/posts\/3687\/revisions"}],"predecessor-version":[{"id":3688,"href":"http:\/\/ilan.tavsanli.bel.tr\/index.php\/wp-json\/wp\/v2\/posts\/3687\/revisions\/3688"}],"wp:attachment":[{"href":"http:\/\/ilan.tavsanli.bel.tr\/index.php\/wp-json\/wp\/v2\/media?parent=3687"}],"wp:term":[{"taxonomy":"category","embeddable":true,"href":"http:\/\/ilan.tavsanli.bel.tr\/index.php\/wp-json\/wp\/v2\/categories?post=3687"},{"taxonomy":"post_tag","embeddable":true,"href":"http:\/\/ilan.tavsanli.bel.tr\/index.php\/wp-json\/wp\/v2\/tags?post=3687"}],"curies":[{"name":"wp","href":"https:\/\/api.w.org\/{rel}","templated":true}]}}