{"id":3685,"date":"2022-07-09T13:03:38","date_gmt":"2022-07-09T13:03:38","guid":{"rendered":"http:\/\/ilan.tavsanli.bel.tr\/?p=3685"},"modified":"2023-01-20T12:47:57","modified_gmt":"2023-01-20T12:47:57","slug":"3685","status":"publish","type":"post","link":"http:\/\/ilan.tavsanli.bel.tr\/index.php\/2022\/07\/09\/3685\/","title":{"rendered":""},"content":{"rendered":"\n<p>Emet bahatlar k\u00f6y\u00fcnden H\u00fcseyin Alt\u0131n&#8217;\u0131n e\u015fi, Ali R\u0131za ve Eda Alt\u0131n&#8217;\u0131n anneleri, Muhammet \u00c7o\u015fkun&#8217;un kay\u0131nvalidesi, FATMA ALTIN vefat etmi\u015ftir. Cenazesi Mevlana camisinde k\u0131l\u0131nacak ikindi namaz\u0131n\u0131 m\u00fcteakip Tav\u015fanl\u0131 yeni yaylac\u0131k mezarl\u0131\u011f\u0131na defnedilecektir. Merhumeye Allah&#8217;tan rahmet ailesi ve yak\u0131nlar\u0131na ba\u015fsa\u011fl\u0131\u011f\u0131 dileriz.<\/p>\n","protected":false},"excerpt":{"rendered":"<p>Emet bahatlar k\u00f6y\u00fcnden H\u00fcseyin Alt\u0131n&#8217;\u0131n e\u015fi, Ali R\u0131za ve Eda Alt\u0131n&#8217;\u0131n anneleri, Muhammet \u00c7o\u015fkun&#8217;un kay\u0131nvalidesi, FATMA ALTIN vefat etmi\u015ftir. Cenazesi Mevlana camisinde k\u0131l\u0131nacak ikindi namaz\u0131n\u0131 m\u00fcteakip Tav\u015fanl\u0131 yeni yaylac\u0131k mezarl\u0131\u011f\u0131na defnedilecektir. Merhumeye Allah&#8217;tan rahmet ailesi ve yak\u0131nlar\u0131na ba\u015fsa\u011fl\u0131\u011f\u0131 dileriz.<\/p>\n","protected":false},"author":5,"featured_media":0,"comment_status":"closed","ping_status":"","sticky":false,"template":"","format":"standard","meta":[],"categories":[2],"tags":[],"_links":{"self":[{"href":"http:\/\/ilan.tavsanli.bel.tr\/index.php\/wp-json\/wp\/v2\/posts\/3685"}],"collection":[{"href":"http:\/\/ilan.tavsanli.bel.tr\/index.php\/wp-json\/wp\/v2\/posts"}],"about":[{"href":"http:\/\/ilan.tavsanli.bel.tr\/index.php\/wp-json\/wp\/v2\/types\/post"}],"author":[{"embeddable":true,"href":"http:\/\/ilan.tavsanli.bel.tr\/index.php\/wp-json\/wp\/v2\/users\/5"}],"replies":[{"embeddable":true,"href":"http:\/\/ilan.tavsanli.bel.tr\/index.php\/wp-json\/wp\/v2\/comments?post=3685"}],"version-history":[{"count":2,"href":"http:\/\/ilan.tavsanli.bel.tr\/index.php\/wp-json\/wp\/v2\/posts\/3685\/revisions"}],"predecessor-version":[{"id":4647,"href":"http:\/\/ilan.tavsanli.bel.tr\/index.php\/wp-json\/wp\/v2\/posts\/3685\/revisions\/4647"}],"wp:attachment":[{"href":"http:\/\/ilan.tavsanli.bel.tr\/index.php\/wp-json\/wp\/v2\/media?parent=3685"}],"wp:term":[{"taxonomy":"category","embeddable":true,"href":"http:\/\/ilan.tavsanli.bel.tr\/index.php\/wp-json\/wp\/v2\/categories?post=3685"},{"taxonomy":"post_tag","embeddable":true,"href":"http:\/\/ilan.tavsanli.bel.tr\/index.php\/wp-json\/wp\/v2\/tags?post=3685"}],"curies":[{"name":"wp","href":"https:\/\/api.w.org\/{rel}","templated":true}]}}