{"id":3669,"date":"2022-07-05T11:31:23","date_gmt":"2022-07-05T11:31:23","guid":{"rendered":"http:\/\/ilan.tavsanli.bel.tr\/?p=3669"},"modified":"2022-07-05T11:31:23","modified_gmt":"2022-07-05T11:31:23","slug":"3669","status":"publish","type":"post","link":"http:\/\/ilan.tavsanli.bel.tr\/index.php\/2022\/07\/05\/3669\/","title":{"rendered":""},"content":{"rendered":"\n<p>G\u00fcm\u00fc\u015fyenik\u00f6y\u2019den Ali Osman \u00c7etin\u2019in e\u015fi, Seyid Ahmed Acar\u2019\u0131n ablas\u0131, Ay\u015feg\u00fcl ve Murat \u00c7etin\u2019in anneleri, \u0130brahim Yaman, \u0130brahim Kazan ve Metin Tokman\u2019\u0131n kay\u0131nvalidesi M\u00dcNEVVER \u00c7ET\u0130N vefat etmi\u015ftir. Cenazesi Suba\u015f\u0131 camisinde k\u0131l\u0131nacak ikindi namaz\u0131n\u0131 m\u00fcteakip Tav\u015fanl\u0131 mezarl\u0131\u011f\u0131na defnedilecektir. Merhumeye Allah\u2019tan rahmet ailesi ve yak\u0131nlar\u0131na ba\u015fsa\u011fl\u0131\u011f\u0131 dileriz.<\/p>\n","protected":false},"excerpt":{"rendered":"<p>G\u00fcm\u00fc\u015fyenik\u00f6y\u2019den Ali Osman \u00c7etin\u2019in e\u015fi, Seyid Ahmed Acar\u2019\u0131n ablas\u0131, Ay\u015feg\u00fcl ve Murat \u00c7etin\u2019in anneleri, \u0130brahim Yaman, \u0130brahim Kazan ve Metin Tokman\u2019\u0131n kay\u0131nvalidesi M\u00dcNEVVER \u00c7ET\u0130N vefat etmi\u015ftir. Cenazesi Suba\u015f\u0131 camisinde k\u0131l\u0131nacak ikindi namaz\u0131n\u0131 m\u00fcteakip Tav\u015fanl\u0131 mezarl\u0131\u011f\u0131na defnedilecektir. Merhumeye Allah\u2019tan rahmet ailesi ve yak\u0131nlar\u0131na ba\u015fsa\u011fl\u0131\u011f\u0131 dileriz.<\/p>\n","protected":false},"author":5,"featured_media":0,"comment_status":"closed","ping_status":"","sticky":false,"template":"","format":"standard","meta":[],"categories":[2],"tags":[],"_links":{"self":[{"href":"http:\/\/ilan.tavsanli.bel.tr\/index.php\/wp-json\/wp\/v2\/posts\/3669"}],"collection":[{"href":"http:\/\/ilan.tavsanli.bel.tr\/index.php\/wp-json\/wp\/v2\/posts"}],"about":[{"href":"http:\/\/ilan.tavsanli.bel.tr\/index.php\/wp-json\/wp\/v2\/types\/post"}],"author":[{"embeddable":true,"href":"http:\/\/ilan.tavsanli.bel.tr\/index.php\/wp-json\/wp\/v2\/users\/5"}],"replies":[{"embeddable":true,"href":"http:\/\/ilan.tavsanli.bel.tr\/index.php\/wp-json\/wp\/v2\/comments?post=3669"}],"version-history":[{"count":1,"href":"http:\/\/ilan.tavsanli.bel.tr\/index.php\/wp-json\/wp\/v2\/posts\/3669\/revisions"}],"predecessor-version":[{"id":3670,"href":"http:\/\/ilan.tavsanli.bel.tr\/index.php\/wp-json\/wp\/v2\/posts\/3669\/revisions\/3670"}],"wp:attachment":[{"href":"http:\/\/ilan.tavsanli.bel.tr\/index.php\/wp-json\/wp\/v2\/media?parent=3669"}],"wp:term":[{"taxonomy":"category","embeddable":true,"href":"http:\/\/ilan.tavsanli.bel.tr\/index.php\/wp-json\/wp\/v2\/categories?post=3669"},{"taxonomy":"post_tag","embeddable":true,"href":"http:\/\/ilan.tavsanli.bel.tr\/index.php\/wp-json\/wp\/v2\/tags?post=3669"}],"curies":[{"name":"wp","href":"https:\/\/api.w.org\/{rel}","templated":true}]}}