{"id":3651,"date":"2022-06-27T11:05:04","date_gmt":"2022-06-27T11:05:04","guid":{"rendered":"http:\/\/ilan.tavsanli.bel.tr\/?p=3651"},"modified":"2022-06-27T11:05:04","modified_gmt":"2022-06-27T11:05:04","slug":"3651","status":"publish","type":"post","link":"http:\/\/ilan.tavsanli.bel.tr\/index.php\/2022\/06\/27\/3651\/","title":{"rendered":""},"content":{"rendered":"\n<p>Merhum Zeliha ve Mehmet \u00dcnl\u00fc\u2019n\u00fcn o\u011flu, Ali \u0130hsan \u00dcnl\u00fc ve Fatma Talay\u2019\u0131n karde\u015fi, Zehra \u00dcnl\u00fc\u2019n\u00fcn e\u015fi, Nurten Bayram, Mehmet ve Zeliha \u00dcnl\u00fc\u2019n\u00fcn babalar\u0131, \u0130smail Bayram\u2019\u0131n kay\u0131npederi, AHMET FAZLI \u00dcNL\u00dc vefat etmi\u015ftir. Cenazesi Ulucamide k\u0131l\u0131nacak ikindi namaz\u0131n\u0131 m\u00fcteakip Tav\u015fanl\u0131 mezarl\u0131\u011f\u0131na defnedilecektir. Merhuma Allah\u2019tan rahmet ailesi ve yak\u0131nlar\u0131na ba\u015fsa\u011fl\u0131\u011f\u0131 dileriz.<\/p>\n","protected":false},"excerpt":{"rendered":"<p>Merhum Zeliha ve Mehmet \u00dcnl\u00fc\u2019n\u00fcn o\u011flu, Ali \u0130hsan \u00dcnl\u00fc ve Fatma Talay\u2019\u0131n karde\u015fi, Zehra \u00dcnl\u00fc\u2019n\u00fcn e\u015fi, Nurten Bayram, Mehmet ve Zeliha \u00dcnl\u00fc\u2019n\u00fcn babalar\u0131, \u0130smail Bayram\u2019\u0131n kay\u0131npederi, AHMET FAZLI \u00dcNL\u00dc vefat etmi\u015ftir. Cenazesi Ulucamide k\u0131l\u0131nacak ikindi namaz\u0131n\u0131 m\u00fcteakip Tav\u015fanl\u0131 mezarl\u0131\u011f\u0131na defnedilecektir. Merhuma Allah\u2019tan rahmet ailesi ve yak\u0131nlar\u0131na ba\u015fsa\u011fl\u0131\u011f\u0131 dileriz.<\/p>\n","protected":false},"author":5,"featured_media":0,"comment_status":"closed","ping_status":"","sticky":false,"template":"","format":"standard","meta":[],"categories":[2],"tags":[],"_links":{"self":[{"href":"http:\/\/ilan.tavsanli.bel.tr\/index.php\/wp-json\/wp\/v2\/posts\/3651"}],"collection":[{"href":"http:\/\/ilan.tavsanli.bel.tr\/index.php\/wp-json\/wp\/v2\/posts"}],"about":[{"href":"http:\/\/ilan.tavsanli.bel.tr\/index.php\/wp-json\/wp\/v2\/types\/post"}],"author":[{"embeddable":true,"href":"http:\/\/ilan.tavsanli.bel.tr\/index.php\/wp-json\/wp\/v2\/users\/5"}],"replies":[{"embeddable":true,"href":"http:\/\/ilan.tavsanli.bel.tr\/index.php\/wp-json\/wp\/v2\/comments?post=3651"}],"version-history":[{"count":1,"href":"http:\/\/ilan.tavsanli.bel.tr\/index.php\/wp-json\/wp\/v2\/posts\/3651\/revisions"}],"predecessor-version":[{"id":3652,"href":"http:\/\/ilan.tavsanli.bel.tr\/index.php\/wp-json\/wp\/v2\/posts\/3651\/revisions\/3652"}],"wp:attachment":[{"href":"http:\/\/ilan.tavsanli.bel.tr\/index.php\/wp-json\/wp\/v2\/media?parent=3651"}],"wp:term":[{"taxonomy":"category","embeddable":true,"href":"http:\/\/ilan.tavsanli.bel.tr\/index.php\/wp-json\/wp\/v2\/categories?post=3651"},{"taxonomy":"post_tag","embeddable":true,"href":"http:\/\/ilan.tavsanli.bel.tr\/index.php\/wp-json\/wp\/v2\/tags?post=3651"}],"curies":[{"name":"wp","href":"https:\/\/api.w.org\/{rel}","templated":true}]}}