{"id":3649,"date":"2022-06-27T11:04:44","date_gmt":"2022-06-27T11:04:44","guid":{"rendered":"http:\/\/ilan.tavsanli.bel.tr\/?p=3649"},"modified":"2022-06-27T11:04:44","modified_gmt":"2022-06-27T11:04:44","slug":"3649","status":"publish","type":"post","link":"http:\/\/ilan.tavsanli.bel.tr\/index.php\/2022\/06\/27\/3649\/","title":{"rendered":""},"content":{"rendered":"\n<p>Karg\u0131l\u0131 k\u00f6y\u00fcnden merhum Ethem Co\u015fkun\u2019un ailesi, S\u00fcleyman Co\u015fkun\u2019un annesi, Mehmet Ali Aslan ve \u015e\u00fckr\u00fc Y\u00fc\u011fr\u00fck\u2019\u00fcn kay\u0131nvalidesi, AY\u015eE CO\u015eKUN vefat etmi\u015ftir. Cenazesi ikindi namaz\u0131n\u0131 m\u00fcteakip Karg\u0131l\u0131 k\u00f6y\u00fc mezarl\u0131\u011f\u0131na defnedilecektir. Merhumeye Allah\u2019tan rahmet ailesi ve yak\u0131nlar\u0131na ba\u015fsa\u011fl\u0131\u011f\u0131 dileriz.<\/p>\n","protected":false},"excerpt":{"rendered":"<p>Karg\u0131l\u0131 k\u00f6y\u00fcnden merhum Ethem Co\u015fkun\u2019un ailesi, S\u00fcleyman Co\u015fkun\u2019un annesi, Mehmet Ali Aslan ve \u015e\u00fckr\u00fc Y\u00fc\u011fr\u00fck\u2019\u00fcn kay\u0131nvalidesi, AY\u015eE CO\u015eKUN vefat etmi\u015ftir. Cenazesi ikindi namaz\u0131n\u0131 m\u00fcteakip Karg\u0131l\u0131 k\u00f6y\u00fc mezarl\u0131\u011f\u0131na defnedilecektir. Merhumeye Allah\u2019tan rahmet ailesi ve yak\u0131nlar\u0131na ba\u015fsa\u011fl\u0131\u011f\u0131 dileriz.<\/p>\n","protected":false},"author":5,"featured_media":0,"comment_status":"closed","ping_status":"","sticky":false,"template":"","format":"standard","meta":[],"categories":[2],"tags":[],"_links":{"self":[{"href":"http:\/\/ilan.tavsanli.bel.tr\/index.php\/wp-json\/wp\/v2\/posts\/3649"}],"collection":[{"href":"http:\/\/ilan.tavsanli.bel.tr\/index.php\/wp-json\/wp\/v2\/posts"}],"about":[{"href":"http:\/\/ilan.tavsanli.bel.tr\/index.php\/wp-json\/wp\/v2\/types\/post"}],"author":[{"embeddable":true,"href":"http:\/\/ilan.tavsanli.bel.tr\/index.php\/wp-json\/wp\/v2\/users\/5"}],"replies":[{"embeddable":true,"href":"http:\/\/ilan.tavsanli.bel.tr\/index.php\/wp-json\/wp\/v2\/comments?post=3649"}],"version-history":[{"count":1,"href":"http:\/\/ilan.tavsanli.bel.tr\/index.php\/wp-json\/wp\/v2\/posts\/3649\/revisions"}],"predecessor-version":[{"id":3650,"href":"http:\/\/ilan.tavsanli.bel.tr\/index.php\/wp-json\/wp\/v2\/posts\/3649\/revisions\/3650"}],"wp:attachment":[{"href":"http:\/\/ilan.tavsanli.bel.tr\/index.php\/wp-json\/wp\/v2\/media?parent=3649"}],"wp:term":[{"taxonomy":"category","embeddable":true,"href":"http:\/\/ilan.tavsanli.bel.tr\/index.php\/wp-json\/wp\/v2\/categories?post=3649"},{"taxonomy":"post_tag","embeddable":true,"href":"http:\/\/ilan.tavsanli.bel.tr\/index.php\/wp-json\/wp\/v2\/tags?post=3649"}],"curies":[{"name":"wp","href":"https:\/\/api.w.org\/{rel}","templated":true}]}}