{"id":3629,"date":"2022-06-27T08:11:33","date_gmt":"2022-06-27T08:11:33","guid":{"rendered":"http:\/\/ilan.tavsanli.bel.tr\/?p=3629"},"modified":"2022-06-27T08:11:33","modified_gmt":"2022-06-27T08:11:33","slug":"3629","status":"publish","type":"post","link":"http:\/\/ilan.tavsanli.bel.tr\/index.php\/2022\/06\/27\/3629\/","title":{"rendered":""},"content":{"rendered":"\n<p>25.06.2022 CUMARTES\u0130 *** Domani\u00e7 F\u0131nd\u0131cak k\u00f6y\u00fcnden Ahmet \u00d6zdemir&#8217;in babas\u0131, Merhum Ali R\u0131za Eser&#8217;in kay\u0131npederi, G.L.\u0130 den emekli boyac\u0131 RECEP \u00d6ZDEM\u0130R vefat etmi\u015ftir. Cenazesi ulucami&#8217;de k\u0131l\u0131nacak \u00f6\u011fle namaz\u0131n\u0131 m\u00fcteakip Tav\u015fanl\u0131 mezarl\u0131\u011f\u0131na defnedilecektir. Merhuma Allah&#8217;tan rahmet ailesi ve yak\u0131nlar\u0131na ba\u015f sa\u011fl\u0131\u011f\u0131 dileriz<\/p>\n","protected":false},"excerpt":{"rendered":"<p>25.06.2022 CUMARTES\u0130 *** Domani\u00e7 F\u0131nd\u0131cak k\u00f6y\u00fcnden Ahmet \u00d6zdemir&#8217;in babas\u0131, Merhum Ali R\u0131za Eser&#8217;in kay\u0131npederi, G.L.\u0130 den emekli boyac\u0131 RECEP \u00d6ZDEM\u0130R vefat etmi\u015ftir. Cenazesi ulucami&#8217;de k\u0131l\u0131nacak \u00f6\u011fle namaz\u0131n\u0131 m\u00fcteakip Tav\u015fanl\u0131 mezarl\u0131\u011f\u0131na defnedilecektir. Merhuma Allah&#8217;tan rahmet ailesi ve yak\u0131nlar\u0131na ba\u015f sa\u011fl\u0131\u011f\u0131 dileriz<\/p>\n","protected":false},"author":5,"featured_media":0,"comment_status":"closed","ping_status":"","sticky":false,"template":"","format":"standard","meta":[],"categories":[2],"tags":[],"_links":{"self":[{"href":"http:\/\/ilan.tavsanli.bel.tr\/index.php\/wp-json\/wp\/v2\/posts\/3629"}],"collection":[{"href":"http:\/\/ilan.tavsanli.bel.tr\/index.php\/wp-json\/wp\/v2\/posts"}],"about":[{"href":"http:\/\/ilan.tavsanli.bel.tr\/index.php\/wp-json\/wp\/v2\/types\/post"}],"author":[{"embeddable":true,"href":"http:\/\/ilan.tavsanli.bel.tr\/index.php\/wp-json\/wp\/v2\/users\/5"}],"replies":[{"embeddable":true,"href":"http:\/\/ilan.tavsanli.bel.tr\/index.php\/wp-json\/wp\/v2\/comments?post=3629"}],"version-history":[{"count":1,"href":"http:\/\/ilan.tavsanli.bel.tr\/index.php\/wp-json\/wp\/v2\/posts\/3629\/revisions"}],"predecessor-version":[{"id":3630,"href":"http:\/\/ilan.tavsanli.bel.tr\/index.php\/wp-json\/wp\/v2\/posts\/3629\/revisions\/3630"}],"wp:attachment":[{"href":"http:\/\/ilan.tavsanli.bel.tr\/index.php\/wp-json\/wp\/v2\/media?parent=3629"}],"wp:term":[{"taxonomy":"category","embeddable":true,"href":"http:\/\/ilan.tavsanli.bel.tr\/index.php\/wp-json\/wp\/v2\/categories?post=3629"},{"taxonomy":"post_tag","embeddable":true,"href":"http:\/\/ilan.tavsanli.bel.tr\/index.php\/wp-json\/wp\/v2\/tags?post=3629"}],"curies":[{"name":"wp","href":"https:\/\/api.w.org\/{rel}","templated":true}]}}