{"id":360,"date":"2020-11-18T08:03:44","date_gmt":"2020-11-18T08:03:44","guid":{"rendered":"http:\/\/ilan.tavsanli.bel.tr\/?p=360"},"modified":"2020-11-18T08:03:44","modified_gmt":"2020-11-18T08:03:44","slug":"360","status":"publish","type":"post","link":"http:\/\/ilan.tavsanli.bel.tr\/index.php\/2020\/11\/18\/360\/","title":{"rendered":""},"content":{"rendered":"\n<p>\u00d6merler k\u00f6y\u00fcnden merhum \u00d6mer Bilgin\u2019in o\u011flu Ahmet ve H\u00fcseyin Bilgin\u2019in babalar\u0131 Ahmet Sar\u0131\u00f6z ve G.L.\u0130 den emekli Recep Say\u0131n\u2019\u0131n kay\u0131nbiraderi Recep B\u0130LG\u0130N vefat etmi\u015ftir. Cenazesi Saat:11.00 de \u00d6merbey Mahallesi mezarl\u0131\u011f\u0131na defnedilecektir. Merhuma Allah\u2019tan rahmet, ailesi ve yak\u0131nlar\u0131na ba\u015fsa\u011fl\u0131\u011f\u0131 dileriz.<\/p>\n","protected":false},"excerpt":{"rendered":"<p>\u00d6merler k\u00f6y\u00fcnden merhum \u00d6mer Bilgin\u2019in o\u011flu Ahmet ve H\u00fcseyin Bilgin\u2019in babalar\u0131 Ahmet Sar\u0131\u00f6z ve G.L.\u0130 den emekli Recep Say\u0131n\u2019\u0131n kay\u0131nbiraderi Recep B\u0130LG\u0130N vefat etmi\u015ftir. Cenazesi Saat:11.00 de \u00d6merbey Mahallesi mezarl\u0131\u011f\u0131na defnedilecektir. Merhuma Allah\u2019tan rahmet, ailesi ve yak\u0131nlar\u0131na ba\u015fsa\u011fl\u0131\u011f\u0131 dileriz.<\/p>\n","protected":false},"author":4,"featured_media":0,"comment_status":"closed","ping_status":"","sticky":false,"template":"","format":"standard","meta":[],"categories":[2],"tags":[],"_links":{"self":[{"href":"http:\/\/ilan.tavsanli.bel.tr\/index.php\/wp-json\/wp\/v2\/posts\/360"}],"collection":[{"href":"http:\/\/ilan.tavsanli.bel.tr\/index.php\/wp-json\/wp\/v2\/posts"}],"about":[{"href":"http:\/\/ilan.tavsanli.bel.tr\/index.php\/wp-json\/wp\/v2\/types\/post"}],"author":[{"embeddable":true,"href":"http:\/\/ilan.tavsanli.bel.tr\/index.php\/wp-json\/wp\/v2\/users\/4"}],"replies":[{"embeddable":true,"href":"http:\/\/ilan.tavsanli.bel.tr\/index.php\/wp-json\/wp\/v2\/comments?post=360"}],"version-history":[{"count":1,"href":"http:\/\/ilan.tavsanli.bel.tr\/index.php\/wp-json\/wp\/v2\/posts\/360\/revisions"}],"predecessor-version":[{"id":361,"href":"http:\/\/ilan.tavsanli.bel.tr\/index.php\/wp-json\/wp\/v2\/posts\/360\/revisions\/361"}],"wp:attachment":[{"href":"http:\/\/ilan.tavsanli.bel.tr\/index.php\/wp-json\/wp\/v2\/media?parent=360"}],"wp:term":[{"taxonomy":"category","embeddable":true,"href":"http:\/\/ilan.tavsanli.bel.tr\/index.php\/wp-json\/wp\/v2\/categories?post=360"},{"taxonomy":"post_tag","embeddable":true,"href":"http:\/\/ilan.tavsanli.bel.tr\/index.php\/wp-json\/wp\/v2\/tags?post=360"}],"curies":[{"name":"wp","href":"https:\/\/api.w.org\/{rel}","templated":true}]}}