{"id":3502,"date":"2022-06-03T08:16:08","date_gmt":"2022-06-03T08:16:08","guid":{"rendered":"http:\/\/ilan.tavsanli.bel.tr\/?p=3502"},"modified":"2022-06-03T08:16:08","modified_gmt":"2022-06-03T08:16:08","slug":"3502","status":"publish","type":"post","link":"http:\/\/ilan.tavsanli.bel.tr\/index.php\/2022\/06\/03\/3502\/","title":{"rendered":""},"content":{"rendered":"\n<p>Merhum Halil Soycan&#8217;n\u0131n e\u015fi, \u0130brahim Kabak, Ahmet k\u0131\u015flal\u0131 ve Hanife Alp&#8217;in karde\u015fi, Metin Soycan, G\u00fclhane Pehlivan, \u015eeng\u00fcl Soycan ve Melahat G\u00f6k\u00e7e&#8217;nin anneleri, Hasan G\u00f6k\u00e7e ve Nuri Pehlivan&#8217;\u0131n kay\u0131nvalidesi, HAT\u0130CE SOYCAN vefat etmi\u015ftir. Cenazesi cuma namaz\u0131n\u0131 m\u00fcteakip K\u0131\u015flademirli k\u00f6y\u00fc mezarl\u0131\u011f\u0131na defnedilecektir. Merhumeye Allah&#8217;tan rahmet ailesine ve yak\u0131nlar\u0131na ba\u015fsa\u011fl\u0131\u011f\u0131 dileriz.<\/p>\n","protected":false},"excerpt":{"rendered":"<p>Merhum Halil Soycan&#8217;n\u0131n e\u015fi, \u0130brahim Kabak, Ahmet k\u0131\u015flal\u0131 ve Hanife Alp&#8217;in karde\u015fi, Metin Soycan, G\u00fclhane Pehlivan, \u015eeng\u00fcl Soycan ve Melahat G\u00f6k\u00e7e&#8217;nin anneleri, Hasan G\u00f6k\u00e7e ve Nuri Pehlivan&#8217;\u0131n kay\u0131nvalidesi, HAT\u0130CE SOYCAN vefat etmi\u015ftir. Cenazesi cuma namaz\u0131n\u0131 m\u00fcteakip K\u0131\u015flademirli k\u00f6y\u00fc mezarl\u0131\u011f\u0131na defnedilecektir. Merhumeye Allah&#8217;tan rahmet ailesine ve yak\u0131nlar\u0131na ba\u015fsa\u011fl\u0131\u011f\u0131 dileriz.<\/p>\n","protected":false},"author":5,"featured_media":0,"comment_status":"closed","ping_status":"","sticky":false,"template":"","format":"standard","meta":[],"categories":[2],"tags":[],"_links":{"self":[{"href":"http:\/\/ilan.tavsanli.bel.tr\/index.php\/wp-json\/wp\/v2\/posts\/3502"}],"collection":[{"href":"http:\/\/ilan.tavsanli.bel.tr\/index.php\/wp-json\/wp\/v2\/posts"}],"about":[{"href":"http:\/\/ilan.tavsanli.bel.tr\/index.php\/wp-json\/wp\/v2\/types\/post"}],"author":[{"embeddable":true,"href":"http:\/\/ilan.tavsanli.bel.tr\/index.php\/wp-json\/wp\/v2\/users\/5"}],"replies":[{"embeddable":true,"href":"http:\/\/ilan.tavsanli.bel.tr\/index.php\/wp-json\/wp\/v2\/comments?post=3502"}],"version-history":[{"count":1,"href":"http:\/\/ilan.tavsanli.bel.tr\/index.php\/wp-json\/wp\/v2\/posts\/3502\/revisions"}],"predecessor-version":[{"id":3503,"href":"http:\/\/ilan.tavsanli.bel.tr\/index.php\/wp-json\/wp\/v2\/posts\/3502\/revisions\/3503"}],"wp:attachment":[{"href":"http:\/\/ilan.tavsanli.bel.tr\/index.php\/wp-json\/wp\/v2\/media?parent=3502"}],"wp:term":[{"taxonomy":"category","embeddable":true,"href":"http:\/\/ilan.tavsanli.bel.tr\/index.php\/wp-json\/wp\/v2\/categories?post=3502"},{"taxonomy":"post_tag","embeddable":true,"href":"http:\/\/ilan.tavsanli.bel.tr\/index.php\/wp-json\/wp\/v2\/tags?post=3502"}],"curies":[{"name":"wp","href":"https:\/\/api.w.org\/{rel}","templated":true}]}}